{"id":15215,"date":"2019-04-11T07:42:03","date_gmt":"2019-04-11T07:42:03","guid":{"rendered":"https:\/\/www.aula-ee.com\/sant-jordi-2019-recomanacions\/"},"modified":"2025-07-09T09:04:58","modified_gmt":"2025-07-09T09:04:58","slug":"sant-jordi-2019-recomanacions","status":"publish","type":"post","link":"https:\/\/www.aula-ee.com\/en\/sant-jordi-2019-recomanacions\/","title":{"rendered":"Sant Jordi 2019: recomanacions"},"content":{"rendered":"<p>Els compartim algunes recomanacions liter\u00e0ries m\u00e9s:<\/p>\n<table style=\"height: 1191px;width: 100%;border-collapse: collapse\" border=\"0\">\n<tbody>\n<tr style=\"height: 257px\">\n<td style=\"width: 23.8432%;height: 257px\"><img loading=\"lazy\" decoding=\"async\" class=\"alignnone size-full wp-image-52998\" src=\"https:\/\/www.aula-ee.com\/wp-content\/uploads\/29.jpg\" alt=\"\" width=\"165\" height=\"227\" \/><\/td>\n<td style=\"width: 76.1568%;height: 257px\">Miquel Mart\u00ed i Pol<\/p>\n<h3>Estimada Marta<\/h3>\n<p><strong>\u00a0<\/strong>Est\u00e0 dividit en tres conjunts de poemes: Set poemes d\u2019aniversari, Capfoguer i Estimada Marta. En el primer, l\u2019autor parla amb el seu jo po\u00e8tic de la lluita contra la seva malaltia, l\u2019esclerosi m\u00faltiple.<\/p>\n<p>Despr\u00e9s d\u2019anys de dolor, vol lluitar i sobreviure a la malaltia. El conjunt de poemes que d\u00f3na nom al llibre ens explica una relaci\u00f3 amorosa entre ell mateix i una noia, Marta. Ens descriu el desig i la passi\u00f3 dels amants.<\/td>\n<\/tr>\n<tr style=\"height: 257px\">\n<td style=\"width: 23.8432%;height: 257px\"><img loading=\"lazy\" decoding=\"async\" class=\"alignnone size-full wp-image-53002\" src=\"https:\/\/www.aula-ee.com\/wp-content\/uploads\/16.jpg\" alt=\"\" width=\"165\" height=\"227\" \/><\/td>\n<td style=\"width: 76.1568%;height: 257px\">Andr\u00e9s Vidal<\/p>\n<h3>La herencia de la tierra<\/h3>\n<p>En la convulsa Espa\u00f1a del siglo XIX, un hombre, Rosendo Roca, se niega a aceptar su destino y se plantea la arriesgada apuesta que condicionar\u00e1 toda su vida. En su empe\u00f1o por salir adelante, tendr\u00e1 que lidiar con la aristocracia, la tradici\u00f3n, las guerras, la enfermedad y el proletariado, con las contradicciones propias de una \u00e9poca en constante ebullici\u00f3n.<\/td>\n<\/tr>\n<tr style=\"height: 257px\">\n<td style=\"width: 23.8432%;height: 257px\"><img loading=\"lazy\" decoding=\"async\" class=\"alignnone size-full wp-image-53006\" src=\"https:\/\/www.aula-ee.com\/wp-content\/uploads\/03.jpg\" alt=\"\" width=\"165\" height=\"227\" \/><\/td>\n<td style=\"width: 76.1568%;height: 257px\">Val\u00e9rie Zenatti<\/p>\n<h3>Une bouteille dans la mer de Gaza<\/h3>\n<p>Les presses \u00e9crite et t\u00e9l\u00e9vis\u00e9e envoient tous les jours des informations sur le conflit par excellence opposant Isra\u00ebl et la Palestine : des statistiques, des chiffres mortels, des d\u00e9clarations qui enflamment l&#8217;actualit\u00e9&#8230; Pourtant la r\u00e9alit\u00e9 quotidienne et les sentiments des habitants de cette portion de terre sont moins souvent transmis.<\/p>\n<p>Ce roman de Val\u00e9rie Zenatti raconte, d&#8217;une mani\u00e8re sinc\u00e8re et attirante, la rencontre \u00e0 distance d&#8217;un gar\u00e7on palestinien et une fille isra\u00e9lienne.<\/td>\n<\/tr>\n<tr style=\"height: 60px\">\n<td style=\"width: 23.8432%;height: 60px\"><img loading=\"lazy\" decoding=\"async\" class=\"alignnone size-full wp-image-53010\" src=\"https:\/\/www.aula-ee.com\/wp-content\/uploads\/12.jpg\" alt=\"\" width=\"165\" height=\"227\" \/><\/td>\n<td style=\"width: 76.1568%;height: 60px\">Toni Morrison<\/p>\n<h3>Beloved<\/h3>\n<p>Powerful, disturbing, irresistible!!! What would a mother do in the name of love and freedom for her children? What would Man do in the name hatred and ignorance? Beloved is set just after the American Civil War. It is the story of Sethe, a young slave, mother of three who fled from Sweet Home, a plantation in Kentucky. It is the story of Beloved, her two year old murdered daughter who returns years later to haunt the family home.<\/td>\n<\/tr>\n<tr style=\"height: 60px\">\n<td style=\"width: 23.8432%;height: 60px\"><img loading=\"lazy\" decoding=\"async\" class=\"alignnone size-full wp-image-53014\" src=\"https:\/\/www.aula-ee.com\/wp-content\/uploads\/05.jpg\" alt=\"\" width=\"165\" height=\"227\" \/><\/td>\n<td style=\"width: 76.1568%;height: 60px\">Victor Hugo<\/p>\n<h3>Les Miserables<\/h3>\n<p>Jean Valjean queda lliure despr\u00e9s d\u2019haver complert 19 anys de condemna per robar una barra de pa. Sent r\u00e0bia, veu el m\u00f3n injust i nom\u00e9s busca venjan\u00e7a fins que la seva vida canvia completament al descobrir l\u2019amor.<\/p>\n<p>Aquesta novel\u00b7la de Victor Hugo ens apropa als pensaments i reflexions de la societat parisina del segle XIX, enmig de revolucions, barricades, pobresa i mis\u00e8ria.<\/td>\n<\/tr>\n<tr style=\"height: 60px\">\n<td style=\"width: 23.8432%;height: 60px\"><img loading=\"lazy\" decoding=\"async\" class=\"alignnone size-full wp-image-53018\" src=\"https:\/\/www.aula-ee.com\/wp-content\/uploads\/21-1.jpg\" alt=\"\" width=\"165\" height=\"227\" \/><\/td>\n<td style=\"width: 76.1568%;height: 60px\">Hans Magnus Enzensberger<\/p>\n<h3>El dimoni dels nombres<\/h3>\n<p>Un cl\u00e0ssic de la divulgaci\u00f3 matem\u00e0tica, que ens explica la hist\u00f2ria d\u2019un noi que odia les matem\u00e0tiques. Aquest dimoni s\u2019apareix cada nit al protagonista per plantejar problemes, enigmes, curiositats num\u00e8riques i matem\u00e0tiques que es van resolent de manera molt l\u00fadica.<\/p>\n<p>Tant si t\u2019agraden les matem\u00e0tiques com si els tens por, com \u00e9s el cas del protagonista del llibre, \u00e9s una bona lectura per gaudir i endinsar- te en el m\u00f3n dels nombres.<\/td>\n<\/tr>\n<tr style=\"height: 60px\">\n<td style=\"width: 23.8432%;height: 60px\"><img loading=\"lazy\" decoding=\"async\" class=\"alignnone size-full wp-image-53022\" src=\"https:\/\/www.aula-ee.com\/wp-content\/uploads\/11.jpg\" alt=\"\" width=\"165\" height=\"227\" \/><\/td>\n<td style=\"width: 76.1568%;height: 60px\">Gaston Leroux<\/p>\n<h3>Le parfum de la dame en noir<\/h3>\n<p><span style=\"font-family: inherit\">Suite de <\/span><em style=\"font-family: inherit\">Le Myst\u00e8re de la chambre jaune <\/em><span style=\"font-family: inherit\">qui reprenant une bonne partie de la m\u00eame galerie de personnages, sera le th\u00e9\u00e2tre d\u2019autres faits \u00e9tranges et d\u2019autres r\u00e9v\u00e9lations extraordinaires.<\/span><\/td>\n<\/tr>\n<tr style=\"height: 60px\">\n<td style=\"width: 23.8432%;height: 60px\"><img loading=\"lazy\" decoding=\"async\" class=\"alignnone size-full wp-image-53026\" src=\"https:\/\/www.aula-ee.com\/wp-content\/uploads\/09.jpg\" alt=\"\" width=\"165\" height=\"227\" \/><\/td>\n<td style=\"width: 76.1568%;height: 60px\">Nevil Shute<\/p>\n<h3>A Town like Alice<\/h3>\n<p>Jean is 20 and she is working in Malaya when World War II begins. Japan\u00a0 invades Malaya and 32 British women, with Jean among them, are captured by the\u00a0 Japanese and forced to walk through the jungle in the terrible heat. They have little food and water and seven of them die after two weeks. Will they get to the prison camp? Will anyone help them? What does Alice mean?<\/p>\n<p>Read and find out how courage and generosity help people survive.<\/td>\n<\/tr>\n<tr style=\"height: 60px\">\n<td style=\"width: 23.8432%;height: 60px\"><img loading=\"lazy\" decoding=\"async\" class=\"alignnone size-full wp-image-53030\" src=\"https:\/\/www.aula-ee.com\/wp-content\/uploads\/22.jpg\" alt=\"\" width=\"165\" height=\"227\" \/><\/td>\n<td style=\"width: 76.1568%;height: 60px\">Kilian Jornet<\/p>\n<h3>C\u00f3rrer o morir<\/h3>\n<p><strong>\u00a0<\/strong>Darrerament, Kilian Jornet ha anat acumulant r\u00e8cord rere r\u00e8cord, contribuint d\u2019aquesta manera a popularitzar els esports d\u2019alta muntanya, com l\u2019sky running. L\u2019atleta ha volgut transmetre les seves experi\u00e8ncies a trav\u00e9s de les lletres amb diverses publicacions i reportatges.<\/p>\n<p>Un bon llibre per als amants de la muntanya i de l\u2019esport, que ens ajudar\u00e0 a con\u00e8ixer una mica m\u00e9s la filosofia de vida d\u2019aquest guanyador nat.<\/td>\n<\/tr>\n<tr style=\"height: 60px\">\n<td style=\"width: 23.8432%;height: 60px\"><img loading=\"lazy\" decoding=\"async\" class=\"alignnone size-full wp-image-53037\" src=\"https:\/\/www.aula-ee.com\/wp-content\/uploads\/25.jpg\" alt=\"\" width=\"165\" height=\"227\" \/><\/td>\n<td style=\"width: 76.1568%;height: 60px\">Alberto Rojo<\/p>\n<h3>La f\u00edsica en la vida cotidiana<\/h3>\n<p>\u00bfPor qu\u00e9 flotan las nubes? \u00bfPor qu\u00e9 los beduinos se visten de negro? \u00bfPuede caer un rayo en un avi\u00f3n? \u00bfPor qu\u00e9 hay dos mareas por d\u00eda? \u00bfSe puede medir el radio de la Tierra con un reloj de pulsera? \u00bfQu\u00e9 tienen que ver los \u00e1rboles con las c\u00e1maras fotogr\u00e1ficas? \u00bfUna gota de agua puede servir como lupa?<\/p>\n<p>Una \u00fatil y divertida introducci\u00f3n a la f\u00edsica, con una amen\u00edsima sucesi\u00f3n de agudas pinceladas sobre la historia de la f\u00edsica y divertidos experimentos con espejos, sonidos, sombras, bolsas de basura, un vaso de gaseosa y una pajita o imanes caseros. Descubrir\u00e1s los secretos de la luz, la electricidad, el sonido, la temperatura, la velocidad, la imantaci\u00f3n, los fen\u00f3menos atmosf\u00e9ricos&#8230;<\/td>\n<\/tr>\n<\/tbody>\n<\/table>\n<p>&nbsp;<\/p>\n","protected":false},"excerpt":{"rendered":"<p>Els compartim algunes recomanacions liter\u00e0ries m\u00e9s: Miquel Mart\u00ed i Pol Estimada Marta \u00a0Est\u00e0 dividit en tres conjunts de poemes: Set poemes d\u2019aniversari, Capfoguer i Estimada Marta. En el primer, l\u2019autor &hellip;<\/p>\n","protected":false},"author":1,"featured_media":9281,"comment_status":"closed","ping_status":"closed","sticky":false,"template":"","format":"standard","meta":{"_acf_changed":false,"footnotes":""},"categories":[136],"tags":[530],"class_list":["post-15215","post","type-post","status-publish","format-standard","has-post-thumbnail","hentry","category-sobre-lescola-en","tag-sant-jordi-en"],"acf":[],"yoast_head":"<!-- This site is optimized with the Yoast SEO plugin v27.2 - https:\/\/yoast.com\/product\/yoast-seo-wordpress\/ -->\n<title>Sant Jordi 2019: recomanacions - Aula Escola Europea<\/title>\n<meta name=\"description\" content=\"Els compartim algunes recomanacions liter\u00e0ries m\u00e9s: Miquel Mart\u00ed i Pol Estimada Marta \u00a0Est\u00e0 dividit en tres conjunts de poemes: Set poemes d\u2019aniversari,\" \/>\n<meta name=\"robots\" content=\"index, follow, max-snippet:-1, max-image-preview:large, max-video-preview:-1\" \/>\n<link rel=\"canonical\" href=\"https:\/\/www.aula-ee.com\/en\/sant-jordi-2019-recomanacions\/\" \/>\n<meta property=\"og:locale\" content=\"en_US\" \/>\n<meta property=\"og:type\" content=\"article\" \/>\n<meta property=\"og:title\" content=\"Sant Jordi 2019: recomanacions - Aula Escola Europea\" \/>\n<meta property=\"og:description\" content=\"Els compartim algunes recomanacions liter\u00e0ries m\u00e9s: Miquel Mart\u00ed i Pol Estimada Marta \u00a0Est\u00e0 dividit en tres conjunts de poemes: Set poemes d\u2019aniversari,\" \/>\n<meta property=\"og:url\" content=\"https:\/\/www.aula-ee.com\/en\/sant-jordi-2019-recomanacions\/\" \/>\n<meta property=\"og:site_name\" content=\"Aula Escola Europea\" \/>\n<meta property=\"article:published_time\" content=\"2019-04-11T07:42:03+00:00\" \/>\n<meta property=\"article:modified_time\" content=\"2025-07-09T09:04:58+00:00\" \/>\n<meta property=\"og:image\" content=\"https:\/\/www.aula-ee.com\/wp-content\/uploads\/20-1-1-scaled.jpg\" \/>\n\t<meta property=\"og:image:width\" content=\"2560\" \/>\n\t<meta property=\"og:image:height\" content=\"1716\" \/>\n\t<meta property=\"og:image:type\" content=\"image\/jpeg\" \/>\n<meta name=\"author\" content=\"emfasi\" \/>\n<meta name=\"twitter:card\" content=\"summary_large_image\" \/>\n<meta name=\"twitter:label1\" content=\"Written by\" \/>\n\t<meta name=\"twitter:data1\" content=\"emfasi\" \/>\n\t<meta name=\"twitter:label2\" content=\"Est. reading time\" \/>\n\t<meta name=\"twitter:data2\" content=\"4 minutes\" \/>\n<script type=\"application\/ld+json\" class=\"yoast-schema-graph\">{\"@context\":\"https:\/\/schema.org\",\"@graph\":[{\"@type\":\"Article\",\"@id\":\"https:\/\/www.aula-ee.com\/en\/sant-jordi-2019-recomanacions\/#article\",\"isPartOf\":{\"@id\":\"https:\/\/www.aula-ee.com\/en\/sant-jordi-2019-recomanacions\/\"},\"author\":{\"name\":\"emfasi\",\"@id\":\"https:\/\/www.aula-ee.com\/en\/#\/schema\/person\/486d90a2a90d8f19d8cb0d7eea56589f\"},\"headline\":\"Sant Jordi 2019: recomanacions\",\"datePublished\":\"2019-04-11T07:42:03+00:00\",\"dateModified\":\"2025-07-09T09:04:58+00:00\",\"mainEntityOfPage\":{\"@id\":\"https:\/\/www.aula-ee.com\/en\/sant-jordi-2019-recomanacions\/\"},\"wordCount\":865,\"publisher\":{\"@id\":\"https:\/\/www.aula-ee.com\/en\/#organization\"},\"image\":{\"@id\":\"https:\/\/www.aula-ee.com\/en\/sant-jordi-2019-recomanacions\/#primaryimage\"},\"thumbnailUrl\":\"https:\/\/www.aula-ee.com\/wp-content\/uploads\/20-1-1-scaled.jpg\",\"keywords\":[\"sant jordi\"],\"articleSection\":[\"Sobre l\u2019escola\"],\"inLanguage\":\"en-US\"},{\"@type\":\"WebPage\",\"@id\":\"https:\/\/www.aula-ee.com\/en\/sant-jordi-2019-recomanacions\/\",\"url\":\"https:\/\/www.aula-ee.com\/en\/sant-jordi-2019-recomanacions\/\",\"name\":\"Sant Jordi 2019: recomanacions - Aula Escola Europea\",\"isPartOf\":{\"@id\":\"https:\/\/www.aula-ee.com\/en\/#website\"},\"primaryImageOfPage\":{\"@id\":\"https:\/\/www.aula-ee.com\/en\/sant-jordi-2019-recomanacions\/#primaryimage\"},\"image\":{\"@id\":\"https:\/\/www.aula-ee.com\/en\/sant-jordi-2019-recomanacions\/#primaryimage\"},\"thumbnailUrl\":\"https:\/\/www.aula-ee.com\/wp-content\/uploads\/20-1-1-scaled.jpg\",\"datePublished\":\"2019-04-11T07:42:03+00:00\",\"dateModified\":\"2025-07-09T09:04:58+00:00\",\"description\":\"Els compartim algunes recomanacions liter\u00e0ries m\u00e9s: Miquel Mart\u00ed i Pol Estimada Marta \u00a0Est\u00e0 dividit en tres conjunts de poemes: Set poemes d\u2019aniversari,\",\"breadcrumb\":{\"@id\":\"https:\/\/www.aula-ee.com\/en\/sant-jordi-2019-recomanacions\/#breadcrumb\"},\"inLanguage\":\"en-US\",\"potentialAction\":[{\"@type\":\"ReadAction\",\"target\":[\"https:\/\/www.aula-ee.com\/en\/sant-jordi-2019-recomanacions\/\"]}]},{\"@type\":\"ImageObject\",\"inLanguage\":\"en-US\",\"@id\":\"https:\/\/www.aula-ee.com\/en\/sant-jordi-2019-recomanacions\/#primaryimage\",\"url\":\"https:\/\/www.aula-ee.com\/wp-content\/uploads\/20-1-1-scaled.jpg\",\"contentUrl\":\"https:\/\/www.aula-ee.com\/wp-content\/uploads\/20-1-1-scaled.jpg\",\"width\":2560,\"height\":1716},{\"@type\":\"BreadcrumbList\",\"@id\":\"https:\/\/www.aula-ee.com\/en\/sant-jordi-2019-recomanacions\/#breadcrumb\",\"itemListElement\":[{\"@type\":\"ListItem\",\"position\":1,\"name\":\"Portada\",\"item\":\"https:\/\/www.aula-ee.com\/en\/\"},{\"@type\":\"ListItem\",\"position\":2,\"name\":\"Sant Jordi 2019: recomanacions\"}]},{\"@type\":\"WebSite\",\"@id\":\"https:\/\/www.aula-ee.com\/en\/#website\",\"url\":\"https:\/\/www.aula-ee.com\/en\/\",\"name\":\"Aula Escola Europea\",\"description\":\"\",\"publisher\":{\"@id\":\"https:\/\/www.aula-ee.com\/en\/#organization\"},\"potentialAction\":[{\"@type\":\"SearchAction\",\"target\":{\"@type\":\"EntryPoint\",\"urlTemplate\":\"https:\/\/www.aula-ee.com\/en\/?s={search_term_string}\"},\"query-input\":{\"@type\":\"PropertyValueSpecification\",\"valueRequired\":true,\"valueName\":\"search_term_string\"}}],\"inLanguage\":\"en-US\"},{\"@type\":\"Organization\",\"@id\":\"https:\/\/www.aula-ee.com\/en\/#organization\",\"name\":\"Aula Escola Europea\",\"url\":\"https:\/\/www.aula-ee.com\/en\/\",\"logo\":{\"@type\":\"ImageObject\",\"inLanguage\":\"en-US\",\"@id\":\"https:\/\/www.aula-ee.com\/en\/#\/schema\/logo\/image\/\",\"url\":\"https:\/\/www.aula-ee.com\/wp-content\/uploads\/logo-aula-ee.png\",\"contentUrl\":\"https:\/\/www.aula-ee.com\/wp-content\/uploads\/logo-aula-ee.png\",\"width\":588,\"height\":108,\"caption\":\"Aula Escola Europea\"},\"image\":{\"@id\":\"https:\/\/www.aula-ee.com\/en\/#\/schema\/logo\/image\/\"}},{\"@type\":\"Person\",\"@id\":\"https:\/\/www.aula-ee.com\/en\/#\/schema\/person\/486d90a2a90d8f19d8cb0d7eea56589f\",\"name\":\"emfasi\",\"sameAs\":[\"https:\/\/www.aula-ee.com\"],\"url\":\"https:\/\/www.aula-ee.com\/en\/author\/emfasi\/\"}]}<\/script>\n<!-- \/ Yoast SEO plugin. -->","yoast_head_json":{"title":"Sant Jordi 2019: recomanacions - Aula Escola Europea","description":"Els compartim algunes recomanacions liter\u00e0ries m\u00e9s: Miquel Mart\u00ed i Pol Estimada Marta \u00a0Est\u00e0 dividit en tres conjunts de poemes: Set poemes d\u2019aniversari,","robots":{"index":"index","follow":"follow","max-snippet":"max-snippet:-1","max-image-preview":"max-image-preview:large","max-video-preview":"max-video-preview:-1"},"canonical":"https:\/\/www.aula-ee.com\/en\/sant-jordi-2019-recomanacions\/","og_locale":"en_US","og_type":"article","og_title":"Sant Jordi 2019: recomanacions - Aula Escola Europea","og_description":"Els compartim algunes recomanacions liter\u00e0ries m\u00e9s: Miquel Mart\u00ed i Pol Estimada Marta \u00a0Est\u00e0 dividit en tres conjunts de poemes: Set poemes d\u2019aniversari,","og_url":"https:\/\/www.aula-ee.com\/en\/sant-jordi-2019-recomanacions\/","og_site_name":"Aula Escola Europea","article_published_time":"2019-04-11T07:42:03+00:00","article_modified_time":"2025-07-09T09:04:58+00:00","og_image":[{"width":2560,"height":1716,"url":"https:\/\/www.aula-ee.com\/wp-content\/uploads\/20-1-1-scaled.jpg","type":"image\/jpeg"}],"author":"emfasi","twitter_card":"summary_large_image","twitter_misc":{"Written by":"emfasi","Est. reading time":"4 minutes"},"schema":{"@context":"https:\/\/schema.org","@graph":[{"@type":"Article","@id":"https:\/\/www.aula-ee.com\/en\/sant-jordi-2019-recomanacions\/#article","isPartOf":{"@id":"https:\/\/www.aula-ee.com\/en\/sant-jordi-2019-recomanacions\/"},"author":{"name":"emfasi","@id":"https:\/\/www.aula-ee.com\/en\/#\/schema\/person\/486d90a2a90d8f19d8cb0d7eea56589f"},"headline":"Sant Jordi 2019: recomanacions","datePublished":"2019-04-11T07:42:03+00:00","dateModified":"2025-07-09T09:04:58+00:00","mainEntityOfPage":{"@id":"https:\/\/www.aula-ee.com\/en\/sant-jordi-2019-recomanacions\/"},"wordCount":865,"publisher":{"@id":"https:\/\/www.aula-ee.com\/en\/#organization"},"image":{"@id":"https:\/\/www.aula-ee.com\/en\/sant-jordi-2019-recomanacions\/#primaryimage"},"thumbnailUrl":"https:\/\/www.aula-ee.com\/wp-content\/uploads\/20-1-1-scaled.jpg","keywords":["sant jordi"],"articleSection":["Sobre l\u2019escola"],"inLanguage":"en-US"},{"@type":"WebPage","@id":"https:\/\/www.aula-ee.com\/en\/sant-jordi-2019-recomanacions\/","url":"https:\/\/www.aula-ee.com\/en\/sant-jordi-2019-recomanacions\/","name":"Sant Jordi 2019: recomanacions - Aula Escola Europea","isPartOf":{"@id":"https:\/\/www.aula-ee.com\/en\/#website"},"primaryImageOfPage":{"@id":"https:\/\/www.aula-ee.com\/en\/sant-jordi-2019-recomanacions\/#primaryimage"},"image":{"@id":"https:\/\/www.aula-ee.com\/en\/sant-jordi-2019-recomanacions\/#primaryimage"},"thumbnailUrl":"https:\/\/www.aula-ee.com\/wp-content\/uploads\/20-1-1-scaled.jpg","datePublished":"2019-04-11T07:42:03+00:00","dateModified":"2025-07-09T09:04:58+00:00","description":"Els compartim algunes recomanacions liter\u00e0ries m\u00e9s: Miquel Mart\u00ed i Pol Estimada Marta \u00a0Est\u00e0 dividit en tres conjunts de poemes: Set poemes d\u2019aniversari,","breadcrumb":{"@id":"https:\/\/www.aula-ee.com\/en\/sant-jordi-2019-recomanacions\/#breadcrumb"},"inLanguage":"en-US","potentialAction":[{"@type":"ReadAction","target":["https:\/\/www.aula-ee.com\/en\/sant-jordi-2019-recomanacions\/"]}]},{"@type":"ImageObject","inLanguage":"en-US","@id":"https:\/\/www.aula-ee.com\/en\/sant-jordi-2019-recomanacions\/#primaryimage","url":"https:\/\/www.aula-ee.com\/wp-content\/uploads\/20-1-1-scaled.jpg","contentUrl":"https:\/\/www.aula-ee.com\/wp-content\/uploads\/20-1-1-scaled.jpg","width":2560,"height":1716},{"@type":"BreadcrumbList","@id":"https:\/\/www.aula-ee.com\/en\/sant-jordi-2019-recomanacions\/#breadcrumb","itemListElement":[{"@type":"ListItem","position":1,"name":"Portada","item":"https:\/\/www.aula-ee.com\/en\/"},{"@type":"ListItem","position":2,"name":"Sant Jordi 2019: recomanacions"}]},{"@type":"WebSite","@id":"https:\/\/www.aula-ee.com\/en\/#website","url":"https:\/\/www.aula-ee.com\/en\/","name":"Aula Escola Europea","description":"","publisher":{"@id":"https:\/\/www.aula-ee.com\/en\/#organization"},"potentialAction":[{"@type":"SearchAction","target":{"@type":"EntryPoint","urlTemplate":"https:\/\/www.aula-ee.com\/en\/?s={search_term_string}"},"query-input":{"@type":"PropertyValueSpecification","valueRequired":true,"valueName":"search_term_string"}}],"inLanguage":"en-US"},{"@type":"Organization","@id":"https:\/\/www.aula-ee.com\/en\/#organization","name":"Aula Escola Europea","url":"https:\/\/www.aula-ee.com\/en\/","logo":{"@type":"ImageObject","inLanguage":"en-US","@id":"https:\/\/www.aula-ee.com\/en\/#\/schema\/logo\/image\/","url":"https:\/\/www.aula-ee.com\/wp-content\/uploads\/logo-aula-ee.png","contentUrl":"https:\/\/www.aula-ee.com\/wp-content\/uploads\/logo-aula-ee.png","width":588,"height":108,"caption":"Aula Escola Europea"},"image":{"@id":"https:\/\/www.aula-ee.com\/en\/#\/schema\/logo\/image\/"}},{"@type":"Person","@id":"https:\/\/www.aula-ee.com\/en\/#\/schema\/person\/486d90a2a90d8f19d8cb0d7eea56589f","name":"emfasi","sameAs":["https:\/\/www.aula-ee.com"],"url":"https:\/\/www.aula-ee.com\/en\/author\/emfasi\/"}]}},"_links":{"self":[{"href":"https:\/\/www.aula-ee.com\/en\/wp-json\/wp\/v2\/posts\/15215","targetHints":{"allow":["GET"]}}],"collection":[{"href":"https:\/\/www.aula-ee.com\/en\/wp-json\/wp\/v2\/posts"}],"about":[{"href":"https:\/\/www.aula-ee.com\/en\/wp-json\/wp\/v2\/types\/post"}],"author":[{"embeddable":true,"href":"https:\/\/www.aula-ee.com\/en\/wp-json\/wp\/v2\/users\/1"}],"replies":[{"embeddable":true,"href":"https:\/\/www.aula-ee.com\/en\/wp-json\/wp\/v2\/comments?post=15215"}],"version-history":[{"count":0,"href":"https:\/\/www.aula-ee.com\/en\/wp-json\/wp\/v2\/posts\/15215\/revisions"}],"wp:featuredmedia":[{"embeddable":true,"href":"https:\/\/www.aula-ee.com\/en\/wp-json\/wp\/v2\/media\/9281"}],"wp:attachment":[{"href":"https:\/\/www.aula-ee.com\/en\/wp-json\/wp\/v2\/media?parent=15215"}],"wp:term":[{"taxonomy":"category","embeddable":true,"href":"https:\/\/www.aula-ee.com\/en\/wp-json\/wp\/v2\/categories?post=15215"},{"taxonomy":"post_tag","embeddable":true,"href":"https:\/\/www.aula-ee.com\/en\/wp-json\/wp\/v2\/tags?post=15215"}],"curies":[{"name":"wp","href":"https:\/\/api.w.org\/{rel}","templated":true}]}}