{"id":15264,"date":"2019-09-10T11:47:56","date_gmt":"2019-09-10T11:47:56","guid":{"rendered":"https:\/\/www.aula-ee.com\/79048\/"},"modified":"2019-09-10T11:47:56","modified_gmt":"2019-09-10T11:47:56","slug":"79048","status":"publish","type":"post","link":"https:\/\/www.aula-ee.com\/en\/79048\/","title":{"rendered":"Activitats del mes de setembre"},"content":{"rendered":"<p>Aqu\u00ed poden consultar totes les activitats complement\u00e0ries del mes de <strong>setembre de 2019.<\/strong><\/p>\n<p>&nbsp;<\/p>\n<table style=\"border-collapse: collapse; width: 99.903%; height: 891px;\">\n<tbody>\n<tr style=\"height: 117px;\">\n<td style=\"width: 13.87%; vertical-align: middle; height: 76px; text-align: center;\" width=\"136\">12 (dijous)<\/td>\n<td style=\"width: 86.033%; height: 76px;\" width=\"552\"><strong>Tarda de jocs.<\/strong> Grups PII A, E i B. A l\u2019escola.<\/p>\n<p><strong>Berenar de benvinguda:<\/strong> acabem de descobrir l\u2019edifici de Prim\u00e0ria. Grups PI A, E i B. A l\u2019escola.<\/td>\n<\/tr>\n<tr style=\"height: 64px;\">\n<td style=\"width: 13.87%; text-align: center; height: 64px;\" width=\"122\">13 (divendres)<\/td>\n<td style=\"width: 86.033%; height: 64px;\" width=\"552\"><strong>Sortida-Philia\/tutoria: Casa de Col\u00f2nies Josep Manyanet a Begues.<\/strong> Grups PVI A, E i I. Sres. Arnal, Pastells, Rodr\u00edguez, Ansorena, Lozano i Federico. Tot el dia. Autocar.<\/td>\n<\/tr>\n<tr style=\"height: 37px;\">\n<td style=\"width: 13.87%; text-align: center; height: 37px;\" width=\"122\">16 (dilluns)<\/td>\n<td style=\"width: 86.033%; height: 37px;\"><strong>Visita al Museu de les Matem\u00e0tiques de Catalunya.<\/strong> Grup Lumine E. Sra. Pastells i Sr. Paytub\u00ed. Mat\u00ed. Autocar.<\/td>\n<\/tr>\n<tr style=\"height: 84px;\">\n<td style=\"width: 13.87%; text-align: center; height: 84px;\" width=\"122\">17 (dimarts)<\/td>\n<td style=\"width: 86.033%; height: 84px;\" width=\"552\"><strong>Visita al Museu de les Matem\u00e0tiques de Catalunya.<\/strong> Grup Lumine A. Srs. Losantos i Garc\u00eda. Mat\u00ed. Autocar.<\/p>\n<p><strong>Visita a l\u2019observatori Fabra: \u201cDescobrim l\u2019observatori Fabra\u201d.<\/strong> Grup Crescendo I. Sra. Novella. Mat\u00ed. Autocar.<\/td>\n<\/tr>\n<tr style=\"height: 60px;\">\n<td style=\"width: 13.87%; height: 60px; vertical-align: middle; text-align: center;\" width=\"136\">18 (dimecres)<\/td>\n<td style=\"width: 86.033%; height: 60px;\" width=\"552\"><strong>Visita a l\u2019observatori Fabra: \u201cDescobrim l\u2019observatori Fabra\u201d.<\/strong> Grup Crescendo A. Sra. Sanz. Mat\u00ed. Autocar.<\/p>\n<p><strong>Cicle d\u2019Hist\u00f2ria I. \u201cLa comarca abans de l\u2019home. Observaci\u00f3 del pla de Barcelona des de Collserola\u201d.<\/strong> Grups PV A, E i I. Sres. Clariana, Santiago i Vald\u00e9s. Mat\u00ed.<\/td>\n<\/tr>\n<tr style=\"height: 124px;\">\n<td style=\"width: 13.87%; height: 84px; vertical-align: middle; text-align: center;\" width=\"136\">19 (dijous)<\/td>\n<td style=\"width: 86.033%; height: 84px;\" width=\"552\"><strong>Visita al Museu de les Matem\u00e0tiques de Catalunya.<\/strong> Grup Lumine I. Sra. Pastells i Sr. Berg\u00e9s. Mat\u00ed. Autocar.<\/p>\n<p><strong>Visita a l\u2019observatori Fabra: \u201cDescobrim l\u2019observatori Fabra\u201d.<\/strong> Grup Crescendo E. Sra. Novella. Mat\u00ed. Autocar.<\/td>\n<\/tr>\n<tr style=\"height: 139px;\">\n<td style=\"width: 13.87%; height: 79px; vertical-align: middle; text-align: center;\" width=\"136\">20 (divendres)<\/td>\n<td style=\"width: 86.033%; height: 79px;\" width=\"552\"><strong>Visita al Born: \u201cCentre de Cultura i Mem\u00f2ria\u201d.<\/strong> Grups \u00c0gora A, E i I. Sres. Angelet, Mu\u00f1oz i Ventura. Mat\u00ed. Autocar.<\/p>\n<p><strong>Sortida a Llinars del Vall\u00e8s: \u201cXaragall: els indis\u201d.<\/strong> Grups J4 A, E i B. Tot el dia. Autocar.<\/td>\n<\/tr>\n<tr style=\"height: 48px;\">\n<td style=\"width: 13.87%; text-align: center; height: 48px;\" width=\"122\">23 (dilluns)<\/td>\n<td style=\"width: 86.033%; height: 48px;\" width=\"552\"><strong>Cicle d\u2019Hist\u00f2ria II. \u201cLa Prehist\u00f2ria. Visita al Parc Arqueol\u00f2gic. Mines de Gav\u00e0\u201d.<\/strong> Grups PV A, E i I. Sres. Clariana, Santiago i Vald\u00e9s. Mat\u00ed. Autocar.<\/td>\n<\/tr>\n<tr style=\"height: 37px;\">\n<td style=\"width: 13.87%; vertical-align: middle; text-align: center; height: 37px;\" width=\"136\">24 (dimarts)<\/td>\n<td style=\"width: 86.033%; height: 37px;\" width=\"541\"><strong>Festiu oficial<\/strong><\/td>\n<\/tr>\n<tr style=\"height: 38px;\">\n<td style=\"width: 13.87%; text-align: center; height: 38px;\" width=\"122\">25 (dimecres)<\/td>\n<td style=\"width: 86.033%; height: 38px;\" width=\"552\"><strong>Sortida al Museu Blau: \u201cFem motxilla: m\u00e8tode cient\u00edfic\u201d.<\/strong> Grup PVI E. Sra. Sanz. Mat\u00ed. Autocar.<\/td>\n<\/tr>\n<tr style=\"height: 131px;\">\n<td style=\"width: 13.87%; text-align: center; height: 131px;\" width=\"122\">26 (dijous)<\/td>\n<td style=\"width: 86.033%; height: 131px;\" width=\"552\"><strong>Sortida-Jornada CAS (Creativitat, Acci\u00f3 i Servei) al Club Nataci\u00f3 Barcelona.<\/strong> Grups Sophie Germain A i E. Sres. Melo, Mu\u00f1oz i Sanz, i Sr. Pino. Tot el dia.<\/p>\n<p><strong>Sortida al Museu Blau: \u201cFem motxilla: m\u00e8tode cient\u00edfic\u201d.<\/strong> Grup PVI I. Sra. Rodr\u00edguez. Mat\u00ed. Autocar.<\/p>\n<p><strong>Sortida al Poble Espanyol: \u201cEl joc del Sarr\u00f3\u201d.<\/strong> Grups PIII A, E i B. Sres. Estrada, Ferrer i Pena. Mat\u00ed. Autocar.<\/td>\n<\/tr>\n<tr style=\"height: 121px;\">\n<td style=\"width: 13.87%; text-align: center; height: 121px;\" width=\"122\">27 (divendres)<\/td>\n<td style=\"width: 86.033%; height: 121px;\" width=\"552\"><strong>Sortida al Museu Blau: \u201cFem motxilla: m\u00e8tode cient\u00edfic\u201d.<\/strong> Grup PVI A. Sra. Novella. Mat\u00ed. Autocar.<\/p>\n<p><strong>Sortida a Can Montcau: \u201cLa verema\u201d.<\/strong> Grups J5 A, E i B. Tot el dia. Autocar.<\/p>\n<p><strong>Sortida Aula Muntanya: <\/strong>Per a alumnes de PIV, PV, PVI i ESO I. (Tornada el dissabte 28). Autocar.<\/td>\n<\/tr>\n<tr style=\"height: 32px;\">\n<td style=\"width: 13.87%; text-align: center; height: 32px;\" width=\"122\">30 (dilluns)<\/td>\n<td style=\"width: 86.033%; height: 32px;\" width=\"552\"><strong>Sortida al Parc Sant Lloren\u00e7 del Munt: \u201cLes tines al mig del bosc\u201d.<\/strong> Grups PIV A, E i B. Sres. Mart\u00edn, Mitjans i Serradell. Mat\u00ed. Autocar.<\/td>\n<\/tr>\n<\/tbody>\n<\/table>\n<p>&nbsp;<\/p>\n","protected":false},"excerpt":{"rendered":"<p>Aqu\u00ed poden consultar totes les activitats complement\u00e0ries del mes de setembre de 2019. &nbsp; 12 (dijous) Tarda de jocs. Grups PII A, E i B. A l\u2019escola. Berenar de benvinguda: &hellip;<\/p>\n","protected":false},"author":1,"featured_media":9550,"comment_status":"closed","ping_status":"closed","sticky":false,"template":"","format":"standard","meta":{"_acf_changed":false,"footnotes":""},"categories":[],"tags":[],"class_list":["post-15264","post","type-post","status-publish","format-standard","has-post-thumbnail","hentry"],"acf":[],"yoast_head":"<!-- This site is optimized with the Yoast SEO plugin v27.2 - https:\/\/yoast.com\/product\/yoast-seo-wordpress\/ -->\n<title>Activitats del mes de setembre - Aula Escola Europea<\/title>\n<meta name=\"description\" content=\"Aqu\u00ed poden consultar totes les activitats complement\u00e0ries del mes de setembre de 2019. &nbsp; 12 (dijous) Tarda de jocs. Grups PII A, E i B. A l\u2019escola.\" \/>\n<meta name=\"robots\" content=\"index, follow, max-snippet:-1, max-image-preview:large, max-video-preview:-1\" \/>\n<link rel=\"canonical\" href=\"https:\/\/www.aula-ee.com\/en\/79048\/\" \/>\n<meta property=\"og:locale\" content=\"en_US\" \/>\n<meta property=\"og:type\" content=\"article\" \/>\n<meta property=\"og:title\" content=\"Activitats del mes de setembre - Aula Escola Europea\" \/>\n<meta property=\"og:description\" content=\"Aqu\u00ed poden consultar totes les activitats complement\u00e0ries del mes de setembre de 2019. &nbsp; 12 (dijous) Tarda de jocs. Grups PII A, E i B. A l\u2019escola.\" \/>\n<meta property=\"og:url\" content=\"https:\/\/www.aula-ee.com\/en\/79048\/\" \/>\n<meta property=\"og:site_name\" content=\"Aula Escola Europea\" \/>\n<meta property=\"article:published_time\" content=\"2019-09-10T11:47:56+00:00\" \/>\n<meta property=\"og:image\" content=\"https:\/\/www.aula-ee.com\/wp-content\/uploads\/img_5773.jpg\" \/>\n\t<meta property=\"og:image:width\" content=\"640\" \/>\n\t<meta property=\"og:image:height\" content=\"480\" \/>\n\t<meta property=\"og:image:type\" content=\"image\/jpeg\" \/>\n<meta name=\"author\" content=\"emfasi\" \/>\n<meta name=\"twitter:card\" content=\"summary_large_image\" \/>\n<meta name=\"twitter:label1\" content=\"Written by\" \/>\n\t<meta name=\"twitter:data1\" content=\"emfasi\" \/>\n\t<meta name=\"twitter:label2\" content=\"Est. reading time\" \/>\n\t<meta name=\"twitter:data2\" content=\"2 minutes\" \/>\n<script type=\"application\/ld+json\" class=\"yoast-schema-graph\">{\"@context\":\"https:\/\/schema.org\",\"@graph\":[{\"@type\":\"Article\",\"@id\":\"https:\/\/www.aula-ee.com\/en\/79048\/#article\",\"isPartOf\":{\"@id\":\"https:\/\/www.aula-ee.com\/en\/79048\/\"},\"author\":{\"name\":\"emfasi\",\"@id\":\"https:\/\/www.aula-ee.com\/en\/#\/schema\/person\/486d90a2a90d8f19d8cb0d7eea56589f\"},\"headline\":\"Activitats del mes de setembre\",\"datePublished\":\"2019-09-10T11:47:56+00:00\",\"mainEntityOfPage\":{\"@id\":\"https:\/\/www.aula-ee.com\/en\/79048\/\"},\"wordCount\":467,\"publisher\":{\"@id\":\"https:\/\/www.aula-ee.com\/en\/#organization\"},\"image\":{\"@id\":\"https:\/\/www.aula-ee.com\/en\/79048\/#primaryimage\"},\"thumbnailUrl\":\"https:\/\/www.aula-ee.com\/wp-content\/uploads\/img_5773.jpg\",\"inLanguage\":\"en-US\"},{\"@type\":\"WebPage\",\"@id\":\"https:\/\/www.aula-ee.com\/en\/79048\/\",\"url\":\"https:\/\/www.aula-ee.com\/en\/79048\/\",\"name\":\"Activitats del mes de setembre - Aula Escola Europea\",\"isPartOf\":{\"@id\":\"https:\/\/www.aula-ee.com\/en\/#website\"},\"primaryImageOfPage\":{\"@id\":\"https:\/\/www.aula-ee.com\/en\/79048\/#primaryimage\"},\"image\":{\"@id\":\"https:\/\/www.aula-ee.com\/en\/79048\/#primaryimage\"},\"thumbnailUrl\":\"https:\/\/www.aula-ee.com\/wp-content\/uploads\/img_5773.jpg\",\"datePublished\":\"2019-09-10T11:47:56+00:00\",\"description\":\"Aqu\u00ed poden consultar totes les activitats complement\u00e0ries del mes de setembre de 2019. &nbsp; 12 (dijous) Tarda de jocs. Grups PII A, E i B. A l\u2019escola.\",\"breadcrumb\":{\"@id\":\"https:\/\/www.aula-ee.com\/en\/79048\/#breadcrumb\"},\"inLanguage\":\"en-US\",\"potentialAction\":[{\"@type\":\"ReadAction\",\"target\":[\"https:\/\/www.aula-ee.com\/en\/79048\/\"]}]},{\"@type\":\"ImageObject\",\"inLanguage\":\"en-US\",\"@id\":\"https:\/\/www.aula-ee.com\/en\/79048\/#primaryimage\",\"url\":\"https:\/\/www.aula-ee.com\/wp-content\/uploads\/img_5773.jpg\",\"contentUrl\":\"https:\/\/www.aula-ee.com\/wp-content\/uploads\/img_5773.jpg\",\"width\":640,\"height\":480,\"caption\":\"Activitats del mes de setembre\"},{\"@type\":\"BreadcrumbList\",\"@id\":\"https:\/\/www.aula-ee.com\/en\/79048\/#breadcrumb\",\"itemListElement\":[{\"@type\":\"ListItem\",\"position\":1,\"name\":\"Portada\",\"item\":\"https:\/\/www.aula-ee.com\/en\/\"},{\"@type\":\"ListItem\",\"position\":2,\"name\":\"Activitats del mes de setembre\"}]},{\"@type\":\"WebSite\",\"@id\":\"https:\/\/www.aula-ee.com\/en\/#website\",\"url\":\"https:\/\/www.aula-ee.com\/en\/\",\"name\":\"Aula Escola Europea\",\"description\":\"\",\"publisher\":{\"@id\":\"https:\/\/www.aula-ee.com\/en\/#organization\"},\"potentialAction\":[{\"@type\":\"SearchAction\",\"target\":{\"@type\":\"EntryPoint\",\"urlTemplate\":\"https:\/\/www.aula-ee.com\/en\/?s={search_term_string}\"},\"query-input\":{\"@type\":\"PropertyValueSpecification\",\"valueRequired\":true,\"valueName\":\"search_term_string\"}}],\"inLanguage\":\"en-US\"},{\"@type\":\"Organization\",\"@id\":\"https:\/\/www.aula-ee.com\/en\/#organization\",\"name\":\"Aula Escola Europea\",\"url\":\"https:\/\/www.aula-ee.com\/en\/\",\"logo\":{\"@type\":\"ImageObject\",\"inLanguage\":\"en-US\",\"@id\":\"https:\/\/www.aula-ee.com\/en\/#\/schema\/logo\/image\/\",\"url\":\"https:\/\/www.aula-ee.com\/wp-content\/uploads\/logo-aula-ee.png\",\"contentUrl\":\"https:\/\/www.aula-ee.com\/wp-content\/uploads\/logo-aula-ee.png\",\"width\":588,\"height\":108,\"caption\":\"Aula Escola Europea\"},\"image\":{\"@id\":\"https:\/\/www.aula-ee.com\/en\/#\/schema\/logo\/image\/\"}},{\"@type\":\"Person\",\"@id\":\"https:\/\/www.aula-ee.com\/en\/#\/schema\/person\/486d90a2a90d8f19d8cb0d7eea56589f\",\"name\":\"emfasi\",\"sameAs\":[\"https:\/\/www.aula-ee.com\"],\"url\":\"https:\/\/www.aula-ee.com\/en\/author\/emfasi\/\"}]}<\/script>\n<!-- \/ Yoast SEO plugin. -->","yoast_head_json":{"title":"Activitats del mes de setembre - Aula Escola Europea","description":"Aqu\u00ed poden consultar totes les activitats complement\u00e0ries del mes de setembre de 2019. &nbsp; 12 (dijous) Tarda de jocs. Grups PII A, E i B. A l\u2019escola.","robots":{"index":"index","follow":"follow","max-snippet":"max-snippet:-1","max-image-preview":"max-image-preview:large","max-video-preview":"max-video-preview:-1"},"canonical":"https:\/\/www.aula-ee.com\/en\/79048\/","og_locale":"en_US","og_type":"article","og_title":"Activitats del mes de setembre - Aula Escola Europea","og_description":"Aqu\u00ed poden consultar totes les activitats complement\u00e0ries del mes de setembre de 2019. &nbsp; 12 (dijous) Tarda de jocs. Grups PII A, E i B. A l\u2019escola.","og_url":"https:\/\/www.aula-ee.com\/en\/79048\/","og_site_name":"Aula Escola Europea","article_published_time":"2019-09-10T11:47:56+00:00","og_image":[{"width":640,"height":480,"url":"https:\/\/www.aula-ee.com\/wp-content\/uploads\/img_5773.jpg","type":"image\/jpeg"}],"author":"emfasi","twitter_card":"summary_large_image","twitter_misc":{"Written by":"emfasi","Est. reading time":"2 minutes"},"schema":{"@context":"https:\/\/schema.org","@graph":[{"@type":"Article","@id":"https:\/\/www.aula-ee.com\/en\/79048\/#article","isPartOf":{"@id":"https:\/\/www.aula-ee.com\/en\/79048\/"},"author":{"name":"emfasi","@id":"https:\/\/www.aula-ee.com\/en\/#\/schema\/person\/486d90a2a90d8f19d8cb0d7eea56589f"},"headline":"Activitats del mes de setembre","datePublished":"2019-09-10T11:47:56+00:00","mainEntityOfPage":{"@id":"https:\/\/www.aula-ee.com\/en\/79048\/"},"wordCount":467,"publisher":{"@id":"https:\/\/www.aula-ee.com\/en\/#organization"},"image":{"@id":"https:\/\/www.aula-ee.com\/en\/79048\/#primaryimage"},"thumbnailUrl":"https:\/\/www.aula-ee.com\/wp-content\/uploads\/img_5773.jpg","inLanguage":"en-US"},{"@type":"WebPage","@id":"https:\/\/www.aula-ee.com\/en\/79048\/","url":"https:\/\/www.aula-ee.com\/en\/79048\/","name":"Activitats del mes de setembre - Aula Escola Europea","isPartOf":{"@id":"https:\/\/www.aula-ee.com\/en\/#website"},"primaryImageOfPage":{"@id":"https:\/\/www.aula-ee.com\/en\/79048\/#primaryimage"},"image":{"@id":"https:\/\/www.aula-ee.com\/en\/79048\/#primaryimage"},"thumbnailUrl":"https:\/\/www.aula-ee.com\/wp-content\/uploads\/img_5773.jpg","datePublished":"2019-09-10T11:47:56+00:00","description":"Aqu\u00ed poden consultar totes les activitats complement\u00e0ries del mes de setembre de 2019. &nbsp; 12 (dijous) Tarda de jocs. Grups PII A, E i B. A l\u2019escola.","breadcrumb":{"@id":"https:\/\/www.aula-ee.com\/en\/79048\/#breadcrumb"},"inLanguage":"en-US","potentialAction":[{"@type":"ReadAction","target":["https:\/\/www.aula-ee.com\/en\/79048\/"]}]},{"@type":"ImageObject","inLanguage":"en-US","@id":"https:\/\/www.aula-ee.com\/en\/79048\/#primaryimage","url":"https:\/\/www.aula-ee.com\/wp-content\/uploads\/img_5773.jpg","contentUrl":"https:\/\/www.aula-ee.com\/wp-content\/uploads\/img_5773.jpg","width":640,"height":480,"caption":"Activitats del mes de setembre"},{"@type":"BreadcrumbList","@id":"https:\/\/www.aula-ee.com\/en\/79048\/#breadcrumb","itemListElement":[{"@type":"ListItem","position":1,"name":"Portada","item":"https:\/\/www.aula-ee.com\/en\/"},{"@type":"ListItem","position":2,"name":"Activitats del mes de setembre"}]},{"@type":"WebSite","@id":"https:\/\/www.aula-ee.com\/en\/#website","url":"https:\/\/www.aula-ee.com\/en\/","name":"Aula Escola Europea","description":"","publisher":{"@id":"https:\/\/www.aula-ee.com\/en\/#organization"},"potentialAction":[{"@type":"SearchAction","target":{"@type":"EntryPoint","urlTemplate":"https:\/\/www.aula-ee.com\/en\/?s={search_term_string}"},"query-input":{"@type":"PropertyValueSpecification","valueRequired":true,"valueName":"search_term_string"}}],"inLanguage":"en-US"},{"@type":"Organization","@id":"https:\/\/www.aula-ee.com\/en\/#organization","name":"Aula Escola Europea","url":"https:\/\/www.aula-ee.com\/en\/","logo":{"@type":"ImageObject","inLanguage":"en-US","@id":"https:\/\/www.aula-ee.com\/en\/#\/schema\/logo\/image\/","url":"https:\/\/www.aula-ee.com\/wp-content\/uploads\/logo-aula-ee.png","contentUrl":"https:\/\/www.aula-ee.com\/wp-content\/uploads\/logo-aula-ee.png","width":588,"height":108,"caption":"Aula Escola Europea"},"image":{"@id":"https:\/\/www.aula-ee.com\/en\/#\/schema\/logo\/image\/"}},{"@type":"Person","@id":"https:\/\/www.aula-ee.com\/en\/#\/schema\/person\/486d90a2a90d8f19d8cb0d7eea56589f","name":"emfasi","sameAs":["https:\/\/www.aula-ee.com"],"url":"https:\/\/www.aula-ee.com\/en\/author\/emfasi\/"}]}},"_links":{"self":[{"href":"https:\/\/www.aula-ee.com\/en\/wp-json\/wp\/v2\/posts\/15264","targetHints":{"allow":["GET"]}}],"collection":[{"href":"https:\/\/www.aula-ee.com\/en\/wp-json\/wp\/v2\/posts"}],"about":[{"href":"https:\/\/www.aula-ee.com\/en\/wp-json\/wp\/v2\/types\/post"}],"author":[{"embeddable":true,"href":"https:\/\/www.aula-ee.com\/en\/wp-json\/wp\/v2\/users\/1"}],"replies":[{"embeddable":true,"href":"https:\/\/www.aula-ee.com\/en\/wp-json\/wp\/v2\/comments?post=15264"}],"version-history":[{"count":0,"href":"https:\/\/www.aula-ee.com\/en\/wp-json\/wp\/v2\/posts\/15264\/revisions"}],"wp:featuredmedia":[{"embeddable":true,"href":"https:\/\/www.aula-ee.com\/en\/wp-json\/wp\/v2\/media\/9550"}],"wp:attachment":[{"href":"https:\/\/www.aula-ee.com\/en\/wp-json\/wp\/v2\/media?parent=15264"}],"wp:term":[{"taxonomy":"category","embeddable":true,"href":"https:\/\/www.aula-ee.com\/en\/wp-json\/wp\/v2\/categories?post=15264"},{"taxonomy":"post_tag","embeddable":true,"href":"https:\/\/www.aula-ee.com\/en\/wp-json\/wp\/v2\/tags?post=15264"}],"curies":[{"name":"wp","href":"https:\/\/api.w.org\/{rel}","templated":true}]}}