{"id":15524,"date":"2022-11-28T11:27:34","date_gmt":"2022-11-28T11:27:34","guid":{"rendered":"https:\/\/www.aula-ee.com\/resultats-del-cap-de-setmana-25-26-11\/"},"modified":"2025-07-09T09:21:08","modified_gmt":"2025-07-09T09:21:08","slug":"resultats-del-cap-de-setmana-25-26-11","status":"publish","type":"post","link":"https:\/\/www.aula-ee.com\/en\/resultats-del-cap-de-setmana-25-26-11\/","title":{"rendered":"Resultats del cap de setmana 25-26\/11"},"content":{"rendered":"\n<figure class=\"wp-block-table alignleft is-style-regular\"><table><tbody><tr><td><strong>B\u00c0SQUET FEMEN\u00cd<\/strong><\/td><\/tr><tr><td>BENJAM\u00cd A<\/td><td>EB Vallcarca Nord<\/td><td>10-29<\/td><\/tr><tr><td>PREALEV\u00cd<\/td><td>Escola Sant Mart\u00ed<\/td><td>55-45<\/td><\/tr><tr><td>Col\u00b7legi Canig\u00f3<\/td><td>ALEV\u00cd<\/td><td><\/td><\/tr><tr><td>PREINFANTIL<\/td><td>Frederic Mistral (Sarri\u00e0)<\/td><td>51-36<\/td><\/tr><tr><td>CADET FCBQ<\/td><td>CB Grup Barna<\/td><td>45-57<\/td><\/tr><tr><td>JUVENIL<\/td><td>Escola Pia Balmes<\/td><td>52-44<\/td><\/tr><tr><td>Abat Oliva<\/td><td>LLIGA JOVE<\/td><td>35-43<\/td><\/tr><tr><td>LLIGA JOVE<\/td><td>Club B\u00e0squet Kobras<\/td><td>58-56<\/td><\/tr><tr><td><strong>B\u00c0SQUET MASCUL\u00cd<\/strong><\/td><\/tr><tr><td>BENJAM\u00cd A<\/td><td>Fundaci\u00f3 Brafa<\/td><td>48-44<\/td><\/tr><tr><td>PREALEV\u00cd A<\/td><td>AE Lyc\u00e9e Fran\u00e7ais<\/td><td>45-15<\/td><\/tr><tr><td>Frederic Mistral (Tibidabo)<\/td><td>PREALEV\u00cd B<\/td><td>Ajornat<\/td><\/tr><tr><td>Sant Ignasi<\/td><td>ALEV\u00cd<\/td><td>67-47<\/td><\/tr><tr><td>ALEV\u00cd<\/td><td>Frederic Mistral (Tibidabo)<\/td><td>37-64<\/td><\/tr><tr><td>PREINFANTIL CEEB<\/td><td>Sagrado Coraz\u00f3n<\/td><td>Ajornat<\/td><\/tr><tr><td>PREINFANTIL FCBQ<\/td><td>CEB Sant Jordi<\/td><td>75-40<\/td><\/tr><tr><td>INFANTIL FCBQ<\/td><td>Jesu\u00eftes Gr\u00e0cia &#8211; Kostka<\/td><td>75-25<\/td><\/tr><tr><td>CADET FCBQ<\/td><td>Descansa<\/td><\/tr><tr><td>J\u00daNIOR FCBQ<\/td><td>CB Alisos<\/td><td>71-34<\/td><\/tr><tr><td><strong>VOLEI<\/strong><\/td><\/tr><tr><td>BENJAM\u00cd<\/td><td>Escola Sadako<\/td><td>0-3<\/td><\/tr><tr><td>CELH<\/td><td>PREALEV\u00cd A<\/td><td>0-3<\/td><\/tr><tr><td>Frederic Mistral (Tibidabo)<\/td><td>PREALEV\u00cd B<\/td><td>2-1<\/td><\/tr><tr><td>Fabra i Coats<\/td><td>ALEV\u00cd<\/td><td>Ajornat<\/td><\/tr><tr><td>AEE La Sedeta<\/td><td>PREINFANTIL<\/td><td>3-1<\/td><\/tr><tr><td>CELH<\/td><td>INFANTIL<\/td><td>Ajornat<\/td><\/tr><tr><td>Col\u00b7legi Canig\u00f3<\/td><td>CADET A<\/td><td>0-3<\/td><\/tr><tr><td>CV Sant Mart\u00ed<\/td><td>JUVENIL<\/td><td>3-1<\/td><\/tr><tr><td>Vikings Volei Prat<\/td><td>S\u00c8NIOR<\/td><td>3-0<\/td><\/tr><tr><td>F\u00daTBOL SALA<\/td><\/tr><tr><td>FEDAC Sant Andreu<\/td><td>BENJAM\u00cd<\/td><td>10-2<\/td><\/tr><tr><td>Associaci\u00f3 Esportiva Gr\u00e0cia<\/td><td>PREALEV\u00cd<\/td><td>7-3<\/td><\/tr><tr><td>Fabra i Coats<\/td><td>ALEV\u00cd<\/td><td>1-7<\/td><\/tr><tr><td>Fabra i Coats<\/td><td>JUVENIL<\/td><td>2-6<\/td><\/tr><tr><td><strong>HANDBOL<\/strong><\/td><\/tr><tr><td>S\u00c8NIOR<\/td><td>CH Palautordera<\/td><td>27-24<\/td><\/tr><\/tbody><\/table><\/figure>\n","protected":false},"excerpt":{"rendered":"<p>B\u00c0SQUET FEMEN\u00cd BENJAM\u00cd A EB Vallcarca Nord 10-29 PREALEV\u00cd Escola Sant Mart\u00ed 55-45 Col\u00b7legi Canig\u00f3 ALEV\u00cd PREINFANTIL Frederic Mistral (Sarri\u00e0) 51-36 CADET FCBQ CB Grup Barna 45-57 JUVENIL Escola Pia &hellip;<\/p>\n","protected":false},"author":5,"featured_media":12112,"comment_status":"closed","ping_status":"closed","sticky":false,"template":"","format":"standard","meta":{"_acf_changed":false,"footnotes":""},"categories":[141],"tags":[],"class_list":["post-15524","post","type-post","status-publish","format-standard","has-post-thumbnail","hentry","category-esport-en"],"acf":[],"yoast_head":"<!-- This site is optimized with the Yoast SEO plugin v27.2 - https:\/\/yoast.com\/product\/yoast-seo-wordpress\/ -->\n<title>Resultats del cap de setmana 25-26\/11 - Aula Escola Europea<\/title>\n<meta name=\"description\" content=\"B\u00c0SQUET FEMEN\u00cdBENJAM\u00cd AEB Vallcarca Nord10-29PREALEV\u00cdEscola Sant Mart\u00ed55-45Col\u00b7legi Canig\u00f3ALEV\u00cdPREINFANTILFrederic Mistral (Sarri\u00e0)51-36CADET FCBQCB Grup\" \/>\n<meta name=\"robots\" content=\"index, follow, max-snippet:-1, max-image-preview:large, max-video-preview:-1\" \/>\n<link rel=\"canonical\" href=\"https:\/\/www.aula-ee.com\/en\/resultats-del-cap-de-setmana-25-26-11\/\" \/>\n<meta property=\"og:locale\" content=\"en_US\" \/>\n<meta property=\"og:type\" content=\"article\" \/>\n<meta property=\"og:title\" content=\"Resultats del cap de setmana 25-26\/11 - Aula Escola Europea\" \/>\n<meta property=\"og:description\" content=\"B\u00c0SQUET FEMEN\u00cdBENJAM\u00cd AEB Vallcarca Nord10-29PREALEV\u00cdEscola Sant Mart\u00ed55-45Col\u00b7legi Canig\u00f3ALEV\u00cdPREINFANTILFrederic Mistral (Sarri\u00e0)51-36CADET FCBQCB Grup\" \/>\n<meta property=\"og:url\" content=\"https:\/\/www.aula-ee.com\/en\/resultats-del-cap-de-setmana-25-26-11\/\" \/>\n<meta property=\"og:site_name\" content=\"Aula Escola Europea\" \/>\n<meta property=\"article:published_time\" content=\"2022-11-28T11:27:34+00:00\" \/>\n<meta property=\"article:modified_time\" content=\"2025-07-09T09:21:08+00:00\" \/>\n<meta property=\"og:image\" content=\"https:\/\/www.aula-ee.com\/wp-content\/uploads\/whatsapp-image-2022-11-26-at-105038.jpeg\" \/>\n\t<meta property=\"og:image:width\" content=\"1600\" \/>\n\t<meta property=\"og:image:height\" content=\"1200\" \/>\n\t<meta property=\"og:image:type\" content=\"image\/jpeg\" \/>\n<meta name=\"author\" content=\"Xavi Saura\" \/>\n<meta name=\"twitter:card\" content=\"summary_large_image\" \/>\n<meta name=\"twitter:label1\" content=\"Written by\" \/>\n\t<meta name=\"twitter:data1\" content=\"Xavi Saura\" \/>\n\t<meta name=\"twitter:label2\" content=\"Est. reading time\" \/>\n\t<meta name=\"twitter:data2\" content=\"1 minute\" \/>\n<script type=\"application\/ld+json\" class=\"yoast-schema-graph\">{\"@context\":\"https:\/\/schema.org\",\"@graph\":[{\"@type\":\"Article\",\"@id\":\"https:\/\/www.aula-ee.com\/en\/resultats-del-cap-de-setmana-25-26-11\/#article\",\"isPartOf\":{\"@id\":\"https:\/\/www.aula-ee.com\/en\/resultats-del-cap-de-setmana-25-26-11\/\"},\"author\":{\"name\":\"Xavi Saura\",\"@id\":\"https:\/\/www.aula-ee.com\/en\/#\/schema\/person\/444e087bf5dc40d259349f9dcec990fb\"},\"headline\":\"Resultats del cap de setmana 25-26\/11\",\"datePublished\":\"2022-11-28T11:27:34+00:00\",\"dateModified\":\"2025-07-09T09:21:08+00:00\",\"mainEntityOfPage\":{\"@id\":\"https:\/\/www.aula-ee.com\/en\/resultats-del-cap-de-setmana-25-26-11\/\"},\"wordCount\":188,\"publisher\":{\"@id\":\"https:\/\/www.aula-ee.com\/en\/#organization\"},\"image\":{\"@id\":\"https:\/\/www.aula-ee.com\/en\/resultats-del-cap-de-setmana-25-26-11\/#primaryimage\"},\"thumbnailUrl\":\"https:\/\/www.aula-ee.com\/wp-content\/uploads\/whatsapp-image-2022-11-26-at-105038.jpeg\",\"articleSection\":[\"Esport\"],\"inLanguage\":\"en-US\"},{\"@type\":\"WebPage\",\"@id\":\"https:\/\/www.aula-ee.com\/en\/resultats-del-cap-de-setmana-25-26-11\/\",\"url\":\"https:\/\/www.aula-ee.com\/en\/resultats-del-cap-de-setmana-25-26-11\/\",\"name\":\"Resultats del cap de setmana 25-26\/11 - Aula Escola Europea\",\"isPartOf\":{\"@id\":\"https:\/\/www.aula-ee.com\/en\/#website\"},\"primaryImageOfPage\":{\"@id\":\"https:\/\/www.aula-ee.com\/en\/resultats-del-cap-de-setmana-25-26-11\/#primaryimage\"},\"image\":{\"@id\":\"https:\/\/www.aula-ee.com\/en\/resultats-del-cap-de-setmana-25-26-11\/#primaryimage\"},\"thumbnailUrl\":\"https:\/\/www.aula-ee.com\/wp-content\/uploads\/whatsapp-image-2022-11-26-at-105038.jpeg\",\"datePublished\":\"2022-11-28T11:27:34+00:00\",\"dateModified\":\"2025-07-09T09:21:08+00:00\",\"description\":\"B\u00c0SQUET FEMEN\u00cdBENJAM\u00cd AEB Vallcarca Nord10-29PREALEV\u00cdEscola Sant Mart\u00ed55-45Col\u00b7legi Canig\u00f3ALEV\u00cdPREINFANTILFrederic Mistral (Sarri\u00e0)51-36CADET FCBQCB Grup\",\"breadcrumb\":{\"@id\":\"https:\/\/www.aula-ee.com\/en\/resultats-del-cap-de-setmana-25-26-11\/#breadcrumb\"},\"inLanguage\":\"en-US\",\"potentialAction\":[{\"@type\":\"ReadAction\",\"target\":[\"https:\/\/www.aula-ee.com\/en\/resultats-del-cap-de-setmana-25-26-11\/\"]}]},{\"@type\":\"ImageObject\",\"inLanguage\":\"en-US\",\"@id\":\"https:\/\/www.aula-ee.com\/en\/resultats-del-cap-de-setmana-25-26-11\/#primaryimage\",\"url\":\"https:\/\/www.aula-ee.com\/wp-content\/uploads\/whatsapp-image-2022-11-26-at-105038.jpeg\",\"contentUrl\":\"https:\/\/www.aula-ee.com\/wp-content\/uploads\/whatsapp-image-2022-11-26-at-105038.jpeg\",\"width\":1600,\"height\":1200,\"caption\":\"Resultats del cap de setmana 25-26\/11\"},{\"@type\":\"BreadcrumbList\",\"@id\":\"https:\/\/www.aula-ee.com\/en\/resultats-del-cap-de-setmana-25-26-11\/#breadcrumb\",\"itemListElement\":[{\"@type\":\"ListItem\",\"position\":1,\"name\":\"Portada\",\"item\":\"https:\/\/www.aula-ee.com\/en\/\"},{\"@type\":\"ListItem\",\"position\":2,\"name\":\"Resultats del cap de setmana 25-26\/11\"}]},{\"@type\":\"WebSite\",\"@id\":\"https:\/\/www.aula-ee.com\/en\/#website\",\"url\":\"https:\/\/www.aula-ee.com\/en\/\",\"name\":\"Aula Escola Europea\",\"description\":\"\",\"publisher\":{\"@id\":\"https:\/\/www.aula-ee.com\/en\/#organization\"},\"potentialAction\":[{\"@type\":\"SearchAction\",\"target\":{\"@type\":\"EntryPoint\",\"urlTemplate\":\"https:\/\/www.aula-ee.com\/en\/?s={search_term_string}\"},\"query-input\":{\"@type\":\"PropertyValueSpecification\",\"valueRequired\":true,\"valueName\":\"search_term_string\"}}],\"inLanguage\":\"en-US\"},{\"@type\":\"Organization\",\"@id\":\"https:\/\/www.aula-ee.com\/en\/#organization\",\"name\":\"Aula Escola Europea\",\"url\":\"https:\/\/www.aula-ee.com\/en\/\",\"logo\":{\"@type\":\"ImageObject\",\"inLanguage\":\"en-US\",\"@id\":\"https:\/\/www.aula-ee.com\/en\/#\/schema\/logo\/image\/\",\"url\":\"https:\/\/www.aula-ee.com\/wp-content\/uploads\/logo-aula-ee.png\",\"contentUrl\":\"https:\/\/www.aula-ee.com\/wp-content\/uploads\/logo-aula-ee.png\",\"width\":588,\"height\":108,\"caption\":\"Aula Escola Europea\"},\"image\":{\"@id\":\"https:\/\/www.aula-ee.com\/en\/#\/schema\/logo\/image\/\"}},{\"@type\":\"Person\",\"@id\":\"https:\/\/www.aula-ee.com\/en\/#\/schema\/person\/444e087bf5dc40d259349f9dcec990fb\",\"name\":\"Xavi Saura\",\"url\":\"https:\/\/www.aula-ee.com\/en\/author\/xsaura\/\"}]}<\/script>\n<!-- \/ Yoast SEO plugin. -->","yoast_head_json":{"title":"Resultats del cap de setmana 25-26\/11 - Aula Escola Europea","description":"B\u00c0SQUET FEMEN\u00cdBENJAM\u00cd AEB Vallcarca Nord10-29PREALEV\u00cdEscola Sant Mart\u00ed55-45Col\u00b7legi Canig\u00f3ALEV\u00cdPREINFANTILFrederic Mistral (Sarri\u00e0)51-36CADET FCBQCB Grup","robots":{"index":"index","follow":"follow","max-snippet":"max-snippet:-1","max-image-preview":"max-image-preview:large","max-video-preview":"max-video-preview:-1"},"canonical":"https:\/\/www.aula-ee.com\/en\/resultats-del-cap-de-setmana-25-26-11\/","og_locale":"en_US","og_type":"article","og_title":"Resultats del cap de setmana 25-26\/11 - Aula Escola Europea","og_description":"B\u00c0SQUET FEMEN\u00cdBENJAM\u00cd AEB Vallcarca Nord10-29PREALEV\u00cdEscola Sant Mart\u00ed55-45Col\u00b7legi Canig\u00f3ALEV\u00cdPREINFANTILFrederic Mistral (Sarri\u00e0)51-36CADET FCBQCB Grup","og_url":"https:\/\/www.aula-ee.com\/en\/resultats-del-cap-de-setmana-25-26-11\/","og_site_name":"Aula Escola Europea","article_published_time":"2022-11-28T11:27:34+00:00","article_modified_time":"2025-07-09T09:21:08+00:00","og_image":[{"width":1600,"height":1200,"url":"https:\/\/www.aula-ee.com\/wp-content\/uploads\/whatsapp-image-2022-11-26-at-105038.jpeg","type":"image\/jpeg"}],"author":"Xavi Saura","twitter_card":"summary_large_image","twitter_misc":{"Written by":"Xavi Saura","Est. reading time":"1 minute"},"schema":{"@context":"https:\/\/schema.org","@graph":[{"@type":"Article","@id":"https:\/\/www.aula-ee.com\/en\/resultats-del-cap-de-setmana-25-26-11\/#article","isPartOf":{"@id":"https:\/\/www.aula-ee.com\/en\/resultats-del-cap-de-setmana-25-26-11\/"},"author":{"name":"Xavi Saura","@id":"https:\/\/www.aula-ee.com\/en\/#\/schema\/person\/444e087bf5dc40d259349f9dcec990fb"},"headline":"Resultats del cap de setmana 25-26\/11","datePublished":"2022-11-28T11:27:34+00:00","dateModified":"2025-07-09T09:21:08+00:00","mainEntityOfPage":{"@id":"https:\/\/www.aula-ee.com\/en\/resultats-del-cap-de-setmana-25-26-11\/"},"wordCount":188,"publisher":{"@id":"https:\/\/www.aula-ee.com\/en\/#organization"},"image":{"@id":"https:\/\/www.aula-ee.com\/en\/resultats-del-cap-de-setmana-25-26-11\/#primaryimage"},"thumbnailUrl":"https:\/\/www.aula-ee.com\/wp-content\/uploads\/whatsapp-image-2022-11-26-at-105038.jpeg","articleSection":["Esport"],"inLanguage":"en-US"},{"@type":"WebPage","@id":"https:\/\/www.aula-ee.com\/en\/resultats-del-cap-de-setmana-25-26-11\/","url":"https:\/\/www.aula-ee.com\/en\/resultats-del-cap-de-setmana-25-26-11\/","name":"Resultats del cap de setmana 25-26\/11 - Aula Escola Europea","isPartOf":{"@id":"https:\/\/www.aula-ee.com\/en\/#website"},"primaryImageOfPage":{"@id":"https:\/\/www.aula-ee.com\/en\/resultats-del-cap-de-setmana-25-26-11\/#primaryimage"},"image":{"@id":"https:\/\/www.aula-ee.com\/en\/resultats-del-cap-de-setmana-25-26-11\/#primaryimage"},"thumbnailUrl":"https:\/\/www.aula-ee.com\/wp-content\/uploads\/whatsapp-image-2022-11-26-at-105038.jpeg","datePublished":"2022-11-28T11:27:34+00:00","dateModified":"2025-07-09T09:21:08+00:00","description":"B\u00c0SQUET FEMEN\u00cdBENJAM\u00cd AEB Vallcarca Nord10-29PREALEV\u00cdEscola Sant Mart\u00ed55-45Col\u00b7legi Canig\u00f3ALEV\u00cdPREINFANTILFrederic Mistral (Sarri\u00e0)51-36CADET FCBQCB Grup","breadcrumb":{"@id":"https:\/\/www.aula-ee.com\/en\/resultats-del-cap-de-setmana-25-26-11\/#breadcrumb"},"inLanguage":"en-US","potentialAction":[{"@type":"ReadAction","target":["https:\/\/www.aula-ee.com\/en\/resultats-del-cap-de-setmana-25-26-11\/"]}]},{"@type":"ImageObject","inLanguage":"en-US","@id":"https:\/\/www.aula-ee.com\/en\/resultats-del-cap-de-setmana-25-26-11\/#primaryimage","url":"https:\/\/www.aula-ee.com\/wp-content\/uploads\/whatsapp-image-2022-11-26-at-105038.jpeg","contentUrl":"https:\/\/www.aula-ee.com\/wp-content\/uploads\/whatsapp-image-2022-11-26-at-105038.jpeg","width":1600,"height":1200,"caption":"Resultats del cap de setmana 25-26\/11"},{"@type":"BreadcrumbList","@id":"https:\/\/www.aula-ee.com\/en\/resultats-del-cap-de-setmana-25-26-11\/#breadcrumb","itemListElement":[{"@type":"ListItem","position":1,"name":"Portada","item":"https:\/\/www.aula-ee.com\/en\/"},{"@type":"ListItem","position":2,"name":"Resultats del cap de setmana 25-26\/11"}]},{"@type":"WebSite","@id":"https:\/\/www.aula-ee.com\/en\/#website","url":"https:\/\/www.aula-ee.com\/en\/","name":"Aula Escola Europea","description":"","publisher":{"@id":"https:\/\/www.aula-ee.com\/en\/#organization"},"potentialAction":[{"@type":"SearchAction","target":{"@type":"EntryPoint","urlTemplate":"https:\/\/www.aula-ee.com\/en\/?s={search_term_string}"},"query-input":{"@type":"PropertyValueSpecification","valueRequired":true,"valueName":"search_term_string"}}],"inLanguage":"en-US"},{"@type":"Organization","@id":"https:\/\/www.aula-ee.com\/en\/#organization","name":"Aula Escola Europea","url":"https:\/\/www.aula-ee.com\/en\/","logo":{"@type":"ImageObject","inLanguage":"en-US","@id":"https:\/\/www.aula-ee.com\/en\/#\/schema\/logo\/image\/","url":"https:\/\/www.aula-ee.com\/wp-content\/uploads\/logo-aula-ee.png","contentUrl":"https:\/\/www.aula-ee.com\/wp-content\/uploads\/logo-aula-ee.png","width":588,"height":108,"caption":"Aula Escola Europea"},"image":{"@id":"https:\/\/www.aula-ee.com\/en\/#\/schema\/logo\/image\/"}},{"@type":"Person","@id":"https:\/\/www.aula-ee.com\/en\/#\/schema\/person\/444e087bf5dc40d259349f9dcec990fb","name":"Xavi Saura","url":"https:\/\/www.aula-ee.com\/en\/author\/xsaura\/"}]}},"_links":{"self":[{"href":"https:\/\/www.aula-ee.com\/en\/wp-json\/wp\/v2\/posts\/15524","targetHints":{"allow":["GET"]}}],"collection":[{"href":"https:\/\/www.aula-ee.com\/en\/wp-json\/wp\/v2\/posts"}],"about":[{"href":"https:\/\/www.aula-ee.com\/en\/wp-json\/wp\/v2\/types\/post"}],"author":[{"embeddable":true,"href":"https:\/\/www.aula-ee.com\/en\/wp-json\/wp\/v2\/users\/5"}],"replies":[{"embeddable":true,"href":"https:\/\/www.aula-ee.com\/en\/wp-json\/wp\/v2\/comments?post=15524"}],"version-history":[{"count":0,"href":"https:\/\/www.aula-ee.com\/en\/wp-json\/wp\/v2\/posts\/15524\/revisions"}],"wp:featuredmedia":[{"embeddable":true,"href":"https:\/\/www.aula-ee.com\/en\/wp-json\/wp\/v2\/media\/12112"}],"wp:attachment":[{"href":"https:\/\/www.aula-ee.com\/en\/wp-json\/wp\/v2\/media?parent=15524"}],"wp:term":[{"taxonomy":"category","embeddable":true,"href":"https:\/\/www.aula-ee.com\/en\/wp-json\/wp\/v2\/categories?post=15524"},{"taxonomy":"post_tag","embeddable":true,"href":"https:\/\/www.aula-ee.com\/en\/wp-json\/wp\/v2\/tags?post=15524"}],"curies":[{"name":"wp","href":"https:\/\/api.w.org\/{rel}","templated":true}]}}