{"id":13624,"date":"2018-06-11T08:17:18","date_gmt":"2018-06-11T08:17:18","guid":{"rendered":"https:\/\/www.aula-ee.com\/cap-de-setmana-desports\/"},"modified":"2025-07-09T09:31:08","modified_gmt":"2025-07-09T09:31:08","slug":"cap-de-setmana-desports","status":"publish","type":"post","link":"https:\/\/www.aula-ee.com\/es\/cap-de-setmana-desports\/","title":{"rendered":"Fin de semana de deportes"},"content":{"rendered":"<p>Este fin de semana Aula ha acogido las semifinales de b\u00e1squet de Barcelona Ceeb, con la participaci\u00f3n y victoria de los chicos de Aurum.<\/p>\n<p>Adem\u00e1s, las chicas del prealev\u00edn y cadete de voleibol han obtenido premio en la clausura deportiva de la liga de voleibol del Ceeb. Y el domingo, participaron en un torneo amistoso organizado por CV Sant Quirze junto a m\u00e1s de 80 jugadoras de diferentes clubs en las categor\u00edas de Alev\u00edn- Benjam\u00edn, quedando terceras en su categor\u00eda.<\/p>\n<p>Enhorabuena!<\/p>\n","protected":false},"excerpt":{"rendered":"<p>Este fin de semana Aula ha acogido las semifinales de b\u00e1squet de Barcelona Ceeb, con la participaci\u00f3n y victoria de los chicos de Aurum. Adem\u00e1s, las chicas del prealev\u00edn y &hellip;<\/p>\n","protected":false},"author":1,"featured_media":8466,"comment_status":"closed","ping_status":"closed","sticky":false,"template":"","format":"standard","meta":{"_acf_changed":false,"footnotes":""},"categories":[127],"tags":[312,316],"class_list":["post-13624","post","type-post","status-publish","format-standard","has-post-thumbnail","hentry","category-deporte","tag-basquet-es","tag-voleibol-es"],"acf":[],"yoast_head":"<!-- This site is optimized with the Yoast SEO plugin v27.2 - https:\/\/yoast.com\/product\/yoast-seo-wordpress\/ -->\n<title>Fin de semana de deportes - Aula Escola Europea<\/title>\n<meta name=\"description\" content=\"Este fin de semana Aula ha acogido las semifinales de b\u00e1squet de Barcelona Ceeb, con la participaci\u00f3n y victoria de los chicos de Aurum. Adem\u00e1s, las\" \/>\n<meta name=\"robots\" content=\"index, follow, max-snippet:-1, max-image-preview:large, max-video-preview:-1\" \/>\n<link rel=\"canonical\" href=\"https:\/\/www.aula-ee.com\/es\/cap-de-setmana-desports\/\" \/>\n<meta property=\"og:locale\" content=\"es_ES\" \/>\n<meta property=\"og:type\" content=\"article\" \/>\n<meta property=\"og:title\" content=\"Fin de semana de deportes - Aula Escola Europea\" \/>\n<meta property=\"og:description\" content=\"Este fin de semana Aula ha acogido las semifinales de b\u00e1squet de Barcelona Ceeb, con la participaci\u00f3n y victoria de los chicos de Aurum. Adem\u00e1s, las\" \/>\n<meta property=\"og:url\" content=\"https:\/\/www.aula-ee.com\/es\/cap-de-setmana-desports\/\" \/>\n<meta property=\"og:site_name\" content=\"Aula Escola Europea\" \/>\n<meta property=\"article:published_time\" content=\"2018-06-11T08:17:18+00:00\" \/>\n<meta property=\"article:modified_time\" content=\"2025-07-09T09:31:08+00:00\" \/>\n<meta property=\"og:image\" content=\"https:\/\/www.aula-ee.com\/wp-content\/uploads\/09-06-2018_2.jpg\" \/>\n\t<meta property=\"og:image:width\" content=\"1920\" \/>\n\t<meta property=\"og:image:height\" content=\"1063\" \/>\n\t<meta property=\"og:image:type\" content=\"image\/jpeg\" \/>\n<meta name=\"author\" content=\"emfasi\" \/>\n<meta name=\"twitter:card\" content=\"summary_large_image\" \/>\n<meta name=\"twitter:label1\" content=\"Escrito por\" \/>\n\t<meta name=\"twitter:data1\" content=\"emfasi\" \/>\n<script type=\"application\/ld+json\" class=\"yoast-schema-graph\">{\"@context\":\"https:\/\/schema.org\",\"@graph\":[{\"@type\":\"Article\",\"@id\":\"https:\/\/www.aula-ee.com\/es\/cap-de-setmana-desports\/#article\",\"isPartOf\":{\"@id\":\"https:\/\/www.aula-ee.com\/es\/cap-de-setmana-desports\/\"},\"author\":{\"name\":\"emfasi\",\"@id\":\"https:\/\/www.aula-ee.com\/es\/#\/schema\/person\/486d90a2a90d8f19d8cb0d7eea56589f\"},\"headline\":\"Fin de semana de deportes\",\"datePublished\":\"2018-06-11T08:17:18+00:00\",\"dateModified\":\"2025-07-09T09:31:08+00:00\",\"mainEntityOfPage\":{\"@id\":\"https:\/\/www.aula-ee.com\/es\/cap-de-setmana-desports\/\"},\"wordCount\":94,\"publisher\":{\"@id\":\"https:\/\/www.aula-ee.com\/es\/#organization\"},\"image\":{\"@id\":\"https:\/\/www.aula-ee.com\/es\/cap-de-setmana-desports\/#primaryimage\"},\"thumbnailUrl\":\"https:\/\/www.aula-ee.com\/wp-content\/uploads\/09-06-2018_2.jpg\",\"keywords\":[\"B\u00e0squet\",\"voleibol\"],\"articleSection\":[\"Deporte\"],\"inLanguage\":\"es\"},{\"@type\":\"WebPage\",\"@id\":\"https:\/\/www.aula-ee.com\/es\/cap-de-setmana-desports\/\",\"url\":\"https:\/\/www.aula-ee.com\/es\/cap-de-setmana-desports\/\",\"name\":\"Fin de semana de deportes - Aula Escola Europea\",\"isPartOf\":{\"@id\":\"https:\/\/www.aula-ee.com\/es\/#website\"},\"primaryImageOfPage\":{\"@id\":\"https:\/\/www.aula-ee.com\/es\/cap-de-setmana-desports\/#primaryimage\"},\"image\":{\"@id\":\"https:\/\/www.aula-ee.com\/es\/cap-de-setmana-desports\/#primaryimage\"},\"thumbnailUrl\":\"https:\/\/www.aula-ee.com\/wp-content\/uploads\/09-06-2018_2.jpg\",\"datePublished\":\"2018-06-11T08:17:18+00:00\",\"dateModified\":\"2025-07-09T09:31:08+00:00\",\"description\":\"Este fin de semana Aula ha acogido las semifinales de b\u00e1squet de Barcelona Ceeb, con la participaci\u00f3n y victoria de los chicos de Aurum. Adem\u00e1s, las\",\"breadcrumb\":{\"@id\":\"https:\/\/www.aula-ee.com\/es\/cap-de-setmana-desports\/#breadcrumb\"},\"inLanguage\":\"es\",\"potentialAction\":[{\"@type\":\"ReadAction\",\"target\":[\"https:\/\/www.aula-ee.com\/es\/cap-de-setmana-desports\/\"]}]},{\"@type\":\"ImageObject\",\"inLanguage\":\"es\",\"@id\":\"https:\/\/www.aula-ee.com\/es\/cap-de-setmana-desports\/#primaryimage\",\"url\":\"https:\/\/www.aula-ee.com\/wp-content\/uploads\/09-06-2018_2.jpg\",\"contentUrl\":\"https:\/\/www.aula-ee.com\/wp-content\/uploads\/09-06-2018_2.jpg\",\"width\":1920,\"height\":1063,\"caption\":\"Cap de setmana d\u2019esports\"},{\"@type\":\"BreadcrumbList\",\"@id\":\"https:\/\/www.aula-ee.com\/es\/cap-de-setmana-desports\/#breadcrumb\",\"itemListElement\":[{\"@type\":\"ListItem\",\"position\":1,\"name\":\"Portada\",\"item\":\"https:\/\/www.aula-ee.com\/es\/\"},{\"@type\":\"ListItem\",\"position\":2,\"name\":\"Fin de semana de deportes\"}]},{\"@type\":\"WebSite\",\"@id\":\"https:\/\/www.aula-ee.com\/es\/#website\",\"url\":\"https:\/\/www.aula-ee.com\/es\/\",\"name\":\"Aula Escola Europea\",\"description\":\"\",\"publisher\":{\"@id\":\"https:\/\/www.aula-ee.com\/es\/#organization\"},\"potentialAction\":[{\"@type\":\"SearchAction\",\"target\":{\"@type\":\"EntryPoint\",\"urlTemplate\":\"https:\/\/www.aula-ee.com\/es\/?s={search_term_string}\"},\"query-input\":{\"@type\":\"PropertyValueSpecification\",\"valueRequired\":true,\"valueName\":\"search_term_string\"}}],\"inLanguage\":\"es\"},{\"@type\":\"Organization\",\"@id\":\"https:\/\/www.aula-ee.com\/es\/#organization\",\"name\":\"Aula Escola Europea\",\"url\":\"https:\/\/www.aula-ee.com\/es\/\",\"logo\":{\"@type\":\"ImageObject\",\"inLanguage\":\"es\",\"@id\":\"https:\/\/www.aula-ee.com\/es\/#\/schema\/logo\/image\/\",\"url\":\"https:\/\/www.aula-ee.com\/wp-content\/uploads\/logo-aula-ee.png\",\"contentUrl\":\"https:\/\/www.aula-ee.com\/wp-content\/uploads\/logo-aula-ee.png\",\"width\":588,\"height\":108,\"caption\":\"Aula Escola Europea\"},\"image\":{\"@id\":\"https:\/\/www.aula-ee.com\/es\/#\/schema\/logo\/image\/\"}},{\"@type\":\"Person\",\"@id\":\"https:\/\/www.aula-ee.com\/es\/#\/schema\/person\/486d90a2a90d8f19d8cb0d7eea56589f\",\"name\":\"emfasi\",\"sameAs\":[\"https:\/\/www.aula-ee.com\"],\"url\":\"https:\/\/www.aula-ee.com\/es\/author\/emfasi\/\"}]}<\/script>\n<!-- \/ Yoast SEO plugin. -->","yoast_head_json":{"title":"Fin de semana de deportes - Aula Escola Europea","description":"Este fin de semana Aula ha acogido las semifinales de b\u00e1squet de Barcelona Ceeb, con la participaci\u00f3n y victoria de los chicos de Aurum. Adem\u00e1s, las","robots":{"index":"index","follow":"follow","max-snippet":"max-snippet:-1","max-image-preview":"max-image-preview:large","max-video-preview":"max-video-preview:-1"},"canonical":"https:\/\/www.aula-ee.com\/es\/cap-de-setmana-desports\/","og_locale":"es_ES","og_type":"article","og_title":"Fin de semana de deportes - Aula Escola Europea","og_description":"Este fin de semana Aula ha acogido las semifinales de b\u00e1squet de Barcelona Ceeb, con la participaci\u00f3n y victoria de los chicos de Aurum. Adem\u00e1s, las","og_url":"https:\/\/www.aula-ee.com\/es\/cap-de-setmana-desports\/","og_site_name":"Aula Escola Europea","article_published_time":"2018-06-11T08:17:18+00:00","article_modified_time":"2025-07-09T09:31:08+00:00","og_image":[{"width":1920,"height":1063,"url":"https:\/\/www.aula-ee.com\/wp-content\/uploads\/09-06-2018_2.jpg","type":"image\/jpeg"}],"author":"emfasi","twitter_card":"summary_large_image","twitter_misc":{"Escrito por":"emfasi"},"schema":{"@context":"https:\/\/schema.org","@graph":[{"@type":"Article","@id":"https:\/\/www.aula-ee.com\/es\/cap-de-setmana-desports\/#article","isPartOf":{"@id":"https:\/\/www.aula-ee.com\/es\/cap-de-setmana-desports\/"},"author":{"name":"emfasi","@id":"https:\/\/www.aula-ee.com\/es\/#\/schema\/person\/486d90a2a90d8f19d8cb0d7eea56589f"},"headline":"Fin de semana de deportes","datePublished":"2018-06-11T08:17:18+00:00","dateModified":"2025-07-09T09:31:08+00:00","mainEntityOfPage":{"@id":"https:\/\/www.aula-ee.com\/es\/cap-de-setmana-desports\/"},"wordCount":94,"publisher":{"@id":"https:\/\/www.aula-ee.com\/es\/#organization"},"image":{"@id":"https:\/\/www.aula-ee.com\/es\/cap-de-setmana-desports\/#primaryimage"},"thumbnailUrl":"https:\/\/www.aula-ee.com\/wp-content\/uploads\/09-06-2018_2.jpg","keywords":["B\u00e0squet","voleibol"],"articleSection":["Deporte"],"inLanguage":"es"},{"@type":"WebPage","@id":"https:\/\/www.aula-ee.com\/es\/cap-de-setmana-desports\/","url":"https:\/\/www.aula-ee.com\/es\/cap-de-setmana-desports\/","name":"Fin de semana de deportes - Aula Escola Europea","isPartOf":{"@id":"https:\/\/www.aula-ee.com\/es\/#website"},"primaryImageOfPage":{"@id":"https:\/\/www.aula-ee.com\/es\/cap-de-setmana-desports\/#primaryimage"},"image":{"@id":"https:\/\/www.aula-ee.com\/es\/cap-de-setmana-desports\/#primaryimage"},"thumbnailUrl":"https:\/\/www.aula-ee.com\/wp-content\/uploads\/09-06-2018_2.jpg","datePublished":"2018-06-11T08:17:18+00:00","dateModified":"2025-07-09T09:31:08+00:00","description":"Este fin de semana Aula ha acogido las semifinales de b\u00e1squet de Barcelona Ceeb, con la participaci\u00f3n y victoria de los chicos de Aurum. Adem\u00e1s, las","breadcrumb":{"@id":"https:\/\/www.aula-ee.com\/es\/cap-de-setmana-desports\/#breadcrumb"},"inLanguage":"es","potentialAction":[{"@type":"ReadAction","target":["https:\/\/www.aula-ee.com\/es\/cap-de-setmana-desports\/"]}]},{"@type":"ImageObject","inLanguage":"es","@id":"https:\/\/www.aula-ee.com\/es\/cap-de-setmana-desports\/#primaryimage","url":"https:\/\/www.aula-ee.com\/wp-content\/uploads\/09-06-2018_2.jpg","contentUrl":"https:\/\/www.aula-ee.com\/wp-content\/uploads\/09-06-2018_2.jpg","width":1920,"height":1063,"caption":"Cap de setmana d\u2019esports"},{"@type":"BreadcrumbList","@id":"https:\/\/www.aula-ee.com\/es\/cap-de-setmana-desports\/#breadcrumb","itemListElement":[{"@type":"ListItem","position":1,"name":"Portada","item":"https:\/\/www.aula-ee.com\/es\/"},{"@type":"ListItem","position":2,"name":"Fin de semana de deportes"}]},{"@type":"WebSite","@id":"https:\/\/www.aula-ee.com\/es\/#website","url":"https:\/\/www.aula-ee.com\/es\/","name":"Aula Escola Europea","description":"","publisher":{"@id":"https:\/\/www.aula-ee.com\/es\/#organization"},"potentialAction":[{"@type":"SearchAction","target":{"@type":"EntryPoint","urlTemplate":"https:\/\/www.aula-ee.com\/es\/?s={search_term_string}"},"query-input":{"@type":"PropertyValueSpecification","valueRequired":true,"valueName":"search_term_string"}}],"inLanguage":"es"},{"@type":"Organization","@id":"https:\/\/www.aula-ee.com\/es\/#organization","name":"Aula Escola Europea","url":"https:\/\/www.aula-ee.com\/es\/","logo":{"@type":"ImageObject","inLanguage":"es","@id":"https:\/\/www.aula-ee.com\/es\/#\/schema\/logo\/image\/","url":"https:\/\/www.aula-ee.com\/wp-content\/uploads\/logo-aula-ee.png","contentUrl":"https:\/\/www.aula-ee.com\/wp-content\/uploads\/logo-aula-ee.png","width":588,"height":108,"caption":"Aula Escola Europea"},"image":{"@id":"https:\/\/www.aula-ee.com\/es\/#\/schema\/logo\/image\/"}},{"@type":"Person","@id":"https:\/\/www.aula-ee.com\/es\/#\/schema\/person\/486d90a2a90d8f19d8cb0d7eea56589f","name":"emfasi","sameAs":["https:\/\/www.aula-ee.com"],"url":"https:\/\/www.aula-ee.com\/es\/author\/emfasi\/"}]}},"_links":{"self":[{"href":"https:\/\/www.aula-ee.com\/es\/wp-json\/wp\/v2\/posts\/13624","targetHints":{"allow":["GET"]}}],"collection":[{"href":"https:\/\/www.aula-ee.com\/es\/wp-json\/wp\/v2\/posts"}],"about":[{"href":"https:\/\/www.aula-ee.com\/es\/wp-json\/wp\/v2\/types\/post"}],"author":[{"embeddable":true,"href":"https:\/\/www.aula-ee.com\/es\/wp-json\/wp\/v2\/users\/1"}],"replies":[{"embeddable":true,"href":"https:\/\/www.aula-ee.com\/es\/wp-json\/wp\/v2\/comments?post=13624"}],"version-history":[{"count":0,"href":"https:\/\/www.aula-ee.com\/es\/wp-json\/wp\/v2\/posts\/13624\/revisions"}],"wp:featuredmedia":[{"embeddable":true,"href":"https:\/\/www.aula-ee.com\/es\/wp-json\/wp\/v2\/media\/8466"}],"wp:attachment":[{"href":"https:\/\/www.aula-ee.com\/es\/wp-json\/wp\/v2\/media?parent=13624"}],"wp:term":[{"taxonomy":"category","embeddable":true,"href":"https:\/\/www.aula-ee.com\/es\/wp-json\/wp\/v2\/categories?post=13624"},{"taxonomy":"post_tag","embeddable":true,"href":"https:\/\/www.aula-ee.com\/es\/wp-json\/wp\/v2\/tags?post=13624"}],"curies":[{"name":"wp","href":"https:\/\/api.w.org\/{rel}","templated":true}]}}