{"id":13639,"date":"2018-06-22T11:48:54","date_gmt":"2018-06-22T11:48:54","guid":{"rendered":"https:\/\/www.aula-ee.com\/fi-de-curs-dextraescolars\/"},"modified":"2025-07-09T09:30:38","modified_gmt":"2025-07-09T09:30:38","slug":"fi-de-curs-dextraescolars","status":"publish","type":"post","link":"https:\/\/www.aula-ee.com\/es\/fi-de-curs-dextraescolars\/","title":{"rendered":"Fin de curso de extraescolares"},"content":{"rendered":"<p>Durante este \u00faltimo mes hemos podido disfrutar de las demostraciones que los alumnos de las actividades extraescolares han ofrecido a sus familias: fant\u00e1sticas obras de teatro, exhibiciones de piscina, de ajedrez, de danza, o hasta una clase de esgrima \u00a1en la que las familias tambi\u00e9n pudieron participar!<\/p>\n<p>Esperamos que todos hayan disfrutado de las actividades extraescolares de este curso, \u00a1pronto publicaremos las novedades que nos esperan el a\u00f1o que viene! Aqu\u00ed les dejamos un peque\u00f1o resumen en im\u00e1genes del fin de curso de extraescolares.<\/p>\n<p>\u00a1Que pasen muy buen verano!<\/p>\n","protected":false},"excerpt":{"rendered":"<p>Durante este \u00faltimo mes hemos podido disfrutar de las demostraciones que los alumnos de las actividades extraescolares han ofrecido a sus familias: fant\u00e1sticas obras de teatro, exhibiciones de piscina, de &hellip;<\/p>\n","protected":false},"author":1,"featured_media":8536,"comment_status":"closed","ping_status":"closed","sticky":false,"template":"","format":"standard","meta":{"_acf_changed":false,"footnotes":""},"categories":[125,126],"tags":[327,328,329,330,331,332,333],"class_list":["post-13639","post","type-post","status-publish","format-standard","has-post-thumbnail","hentry","category-parvulario","category-primaria-es","tag-dansa-es","tag-escacs-es","tag-esgrima-es","tag-extraescolars-es","tag-musica-es","tag-natacio-es","tag-teatre-es"],"acf":[],"yoast_head":"<!-- This site is optimized with the Yoast SEO plugin v27.2 - https:\/\/yoast.com\/product\/yoast-seo-wordpress\/ -->\n<title>Fin de curso de extraescolares - Aula Escola Europea<\/title>\n<meta name=\"description\" content=\"Durante este \u00faltimo mes hemos podido disfrutar de las demostraciones que los alumnos de las actividades extraescolares han ofrecido a sus familias:\" \/>\n<meta name=\"robots\" content=\"index, follow, max-snippet:-1, max-image-preview:large, max-video-preview:-1\" \/>\n<link rel=\"canonical\" href=\"https:\/\/www.aula-ee.com\/es\/fi-de-curs-dextraescolars\/\" \/>\n<meta property=\"og:locale\" content=\"es_ES\" \/>\n<meta property=\"og:type\" content=\"article\" \/>\n<meta property=\"og:title\" content=\"Fin de curso de extraescolares - Aula Escola Europea\" \/>\n<meta property=\"og:description\" content=\"Durante este \u00faltimo mes hemos podido disfrutar de las demostraciones que los alumnos de las actividades extraescolares han ofrecido a sus familias:\" \/>\n<meta property=\"og:url\" content=\"https:\/\/www.aula-ee.com\/es\/fi-de-curs-dextraescolars\/\" \/>\n<meta property=\"og:site_name\" content=\"Aula Escola Europea\" \/>\n<meta property=\"article:published_time\" content=\"2018-06-22T11:48:54+00:00\" \/>\n<meta property=\"article:modified_time\" content=\"2025-07-09T09:30:38+00:00\" \/>\n<meta property=\"og:image\" content=\"https:\/\/www.aula-ee.com\/wp-content\/uploads\/ritmica03.jpg\" \/>\n\t<meta property=\"og:image:width\" content=\"1920\" \/>\n\t<meta property=\"og:image:height\" content=\"1897\" \/>\n\t<meta property=\"og:image:type\" content=\"image\/jpeg\" \/>\n<meta name=\"author\" content=\"emfasi\" \/>\n<meta name=\"twitter:card\" content=\"summary_large_image\" \/>\n<meta name=\"twitter:label1\" content=\"Escrito por\" \/>\n\t<meta name=\"twitter:data1\" content=\"emfasi\" \/>\n<script type=\"application\/ld+json\" class=\"yoast-schema-graph\">{\"@context\":\"https:\/\/schema.org\",\"@graph\":[{\"@type\":\"Article\",\"@id\":\"https:\/\/www.aula-ee.com\/es\/fi-de-curs-dextraescolars\/#article\",\"isPartOf\":{\"@id\":\"https:\/\/www.aula-ee.com\/es\/fi-de-curs-dextraescolars\/\"},\"author\":{\"name\":\"emfasi\",\"@id\":\"https:\/\/www.aula-ee.com\/es\/#\/schema\/person\/486d90a2a90d8f19d8cb0d7eea56589f\"},\"headline\":\"Fin de curso de extraescolares\",\"datePublished\":\"2018-06-22T11:48:54+00:00\",\"dateModified\":\"2025-07-09T09:30:38+00:00\",\"mainEntityOfPage\":{\"@id\":\"https:\/\/www.aula-ee.com\/es\/fi-de-curs-dextraescolars\/\"},\"wordCount\":99,\"publisher\":{\"@id\":\"https:\/\/www.aula-ee.com\/es\/#organization\"},\"image\":{\"@id\":\"https:\/\/www.aula-ee.com\/es\/fi-de-curs-dextraescolars\/#primaryimage\"},\"thumbnailUrl\":\"https:\/\/www.aula-ee.com\/wp-content\/uploads\/ritmica03.jpg\",\"keywords\":[\"dansa\",\"escacs\",\"esgrima\",\"extraescolars\",\"m\u00fasica\",\"nataci\u00f3\",\"teatre\"],\"articleSection\":[\"Parvulario\",\"Primaria\"],\"inLanguage\":\"es\"},{\"@type\":\"WebPage\",\"@id\":\"https:\/\/www.aula-ee.com\/es\/fi-de-curs-dextraescolars\/\",\"url\":\"https:\/\/www.aula-ee.com\/es\/fi-de-curs-dextraescolars\/\",\"name\":\"Fin de curso de extraescolares - Aula Escola Europea\",\"isPartOf\":{\"@id\":\"https:\/\/www.aula-ee.com\/es\/#website\"},\"primaryImageOfPage\":{\"@id\":\"https:\/\/www.aula-ee.com\/es\/fi-de-curs-dextraescolars\/#primaryimage\"},\"image\":{\"@id\":\"https:\/\/www.aula-ee.com\/es\/fi-de-curs-dextraescolars\/#primaryimage\"},\"thumbnailUrl\":\"https:\/\/www.aula-ee.com\/wp-content\/uploads\/ritmica03.jpg\",\"datePublished\":\"2018-06-22T11:48:54+00:00\",\"dateModified\":\"2025-07-09T09:30:38+00:00\",\"description\":\"Durante este \u00faltimo mes hemos podido disfrutar de las demostraciones que los alumnos de las actividades extraescolares han ofrecido a sus familias:\",\"breadcrumb\":{\"@id\":\"https:\/\/www.aula-ee.com\/es\/fi-de-curs-dextraescolars\/#breadcrumb\"},\"inLanguage\":\"es\",\"potentialAction\":[{\"@type\":\"ReadAction\",\"target\":[\"https:\/\/www.aula-ee.com\/es\/fi-de-curs-dextraescolars\/\"]}]},{\"@type\":\"ImageObject\",\"inLanguage\":\"es\",\"@id\":\"https:\/\/www.aula-ee.com\/es\/fi-de-curs-dextraescolars\/#primaryimage\",\"url\":\"https:\/\/www.aula-ee.com\/wp-content\/uploads\/ritmica03.jpg\",\"contentUrl\":\"https:\/\/www.aula-ee.com\/wp-content\/uploads\/ritmica03.jpg\",\"width\":1920,\"height\":1897,\"caption\":\"Fi de curs d'extraescolars\"},{\"@type\":\"BreadcrumbList\",\"@id\":\"https:\/\/www.aula-ee.com\/es\/fi-de-curs-dextraescolars\/#breadcrumb\",\"itemListElement\":[{\"@type\":\"ListItem\",\"position\":1,\"name\":\"Portada\",\"item\":\"https:\/\/www.aula-ee.com\/es\/\"},{\"@type\":\"ListItem\",\"position\":2,\"name\":\"Fin de curso de extraescolares\"}]},{\"@type\":\"WebSite\",\"@id\":\"https:\/\/www.aula-ee.com\/es\/#website\",\"url\":\"https:\/\/www.aula-ee.com\/es\/\",\"name\":\"Aula Escola Europea\",\"description\":\"\",\"publisher\":{\"@id\":\"https:\/\/www.aula-ee.com\/es\/#organization\"},\"potentialAction\":[{\"@type\":\"SearchAction\",\"target\":{\"@type\":\"EntryPoint\",\"urlTemplate\":\"https:\/\/www.aula-ee.com\/es\/?s={search_term_string}\"},\"query-input\":{\"@type\":\"PropertyValueSpecification\",\"valueRequired\":true,\"valueName\":\"search_term_string\"}}],\"inLanguage\":\"es\"},{\"@type\":\"Organization\",\"@id\":\"https:\/\/www.aula-ee.com\/es\/#organization\",\"name\":\"Aula Escola Europea\",\"url\":\"https:\/\/www.aula-ee.com\/es\/\",\"logo\":{\"@type\":\"ImageObject\",\"inLanguage\":\"es\",\"@id\":\"https:\/\/www.aula-ee.com\/es\/#\/schema\/logo\/image\/\",\"url\":\"https:\/\/www.aula-ee.com\/wp-content\/uploads\/logo-aula-ee.png\",\"contentUrl\":\"https:\/\/www.aula-ee.com\/wp-content\/uploads\/logo-aula-ee.png\",\"width\":588,\"height\":108,\"caption\":\"Aula Escola Europea\"},\"image\":{\"@id\":\"https:\/\/www.aula-ee.com\/es\/#\/schema\/logo\/image\/\"}},{\"@type\":\"Person\",\"@id\":\"https:\/\/www.aula-ee.com\/es\/#\/schema\/person\/486d90a2a90d8f19d8cb0d7eea56589f\",\"name\":\"emfasi\",\"sameAs\":[\"https:\/\/www.aula-ee.com\"],\"url\":\"https:\/\/www.aula-ee.com\/es\/author\/emfasi\/\"}]}<\/script>\n<!-- \/ Yoast SEO plugin. -->","yoast_head_json":{"title":"Fin de curso de extraescolares - Aula Escola Europea","description":"Durante este \u00faltimo mes hemos podido disfrutar de las demostraciones que los alumnos de las actividades extraescolares han ofrecido a sus familias:","robots":{"index":"index","follow":"follow","max-snippet":"max-snippet:-1","max-image-preview":"max-image-preview:large","max-video-preview":"max-video-preview:-1"},"canonical":"https:\/\/www.aula-ee.com\/es\/fi-de-curs-dextraescolars\/","og_locale":"es_ES","og_type":"article","og_title":"Fin de curso de extraescolares - Aula Escola Europea","og_description":"Durante este \u00faltimo mes hemos podido disfrutar de las demostraciones que los alumnos de las actividades extraescolares han ofrecido a sus familias:","og_url":"https:\/\/www.aula-ee.com\/es\/fi-de-curs-dextraescolars\/","og_site_name":"Aula Escola Europea","article_published_time":"2018-06-22T11:48:54+00:00","article_modified_time":"2025-07-09T09:30:38+00:00","og_image":[{"width":1920,"height":1897,"url":"https:\/\/www.aula-ee.com\/wp-content\/uploads\/ritmica03.jpg","type":"image\/jpeg"}],"author":"emfasi","twitter_card":"summary_large_image","twitter_misc":{"Escrito por":"emfasi"},"schema":{"@context":"https:\/\/schema.org","@graph":[{"@type":"Article","@id":"https:\/\/www.aula-ee.com\/es\/fi-de-curs-dextraescolars\/#article","isPartOf":{"@id":"https:\/\/www.aula-ee.com\/es\/fi-de-curs-dextraescolars\/"},"author":{"name":"emfasi","@id":"https:\/\/www.aula-ee.com\/es\/#\/schema\/person\/486d90a2a90d8f19d8cb0d7eea56589f"},"headline":"Fin de curso de extraescolares","datePublished":"2018-06-22T11:48:54+00:00","dateModified":"2025-07-09T09:30:38+00:00","mainEntityOfPage":{"@id":"https:\/\/www.aula-ee.com\/es\/fi-de-curs-dextraescolars\/"},"wordCount":99,"publisher":{"@id":"https:\/\/www.aula-ee.com\/es\/#organization"},"image":{"@id":"https:\/\/www.aula-ee.com\/es\/fi-de-curs-dextraescolars\/#primaryimage"},"thumbnailUrl":"https:\/\/www.aula-ee.com\/wp-content\/uploads\/ritmica03.jpg","keywords":["dansa","escacs","esgrima","extraescolars","m\u00fasica","nataci\u00f3","teatre"],"articleSection":["Parvulario","Primaria"],"inLanguage":"es"},{"@type":"WebPage","@id":"https:\/\/www.aula-ee.com\/es\/fi-de-curs-dextraescolars\/","url":"https:\/\/www.aula-ee.com\/es\/fi-de-curs-dextraescolars\/","name":"Fin de curso de extraescolares - Aula Escola Europea","isPartOf":{"@id":"https:\/\/www.aula-ee.com\/es\/#website"},"primaryImageOfPage":{"@id":"https:\/\/www.aula-ee.com\/es\/fi-de-curs-dextraescolars\/#primaryimage"},"image":{"@id":"https:\/\/www.aula-ee.com\/es\/fi-de-curs-dextraescolars\/#primaryimage"},"thumbnailUrl":"https:\/\/www.aula-ee.com\/wp-content\/uploads\/ritmica03.jpg","datePublished":"2018-06-22T11:48:54+00:00","dateModified":"2025-07-09T09:30:38+00:00","description":"Durante este \u00faltimo mes hemos podido disfrutar de las demostraciones que los alumnos de las actividades extraescolares han ofrecido a sus familias:","breadcrumb":{"@id":"https:\/\/www.aula-ee.com\/es\/fi-de-curs-dextraescolars\/#breadcrumb"},"inLanguage":"es","potentialAction":[{"@type":"ReadAction","target":["https:\/\/www.aula-ee.com\/es\/fi-de-curs-dextraescolars\/"]}]},{"@type":"ImageObject","inLanguage":"es","@id":"https:\/\/www.aula-ee.com\/es\/fi-de-curs-dextraescolars\/#primaryimage","url":"https:\/\/www.aula-ee.com\/wp-content\/uploads\/ritmica03.jpg","contentUrl":"https:\/\/www.aula-ee.com\/wp-content\/uploads\/ritmica03.jpg","width":1920,"height":1897,"caption":"Fi de curs d'extraescolars"},{"@type":"BreadcrumbList","@id":"https:\/\/www.aula-ee.com\/es\/fi-de-curs-dextraescolars\/#breadcrumb","itemListElement":[{"@type":"ListItem","position":1,"name":"Portada","item":"https:\/\/www.aula-ee.com\/es\/"},{"@type":"ListItem","position":2,"name":"Fin de curso de extraescolares"}]},{"@type":"WebSite","@id":"https:\/\/www.aula-ee.com\/es\/#website","url":"https:\/\/www.aula-ee.com\/es\/","name":"Aula Escola Europea","description":"","publisher":{"@id":"https:\/\/www.aula-ee.com\/es\/#organization"},"potentialAction":[{"@type":"SearchAction","target":{"@type":"EntryPoint","urlTemplate":"https:\/\/www.aula-ee.com\/es\/?s={search_term_string}"},"query-input":{"@type":"PropertyValueSpecification","valueRequired":true,"valueName":"search_term_string"}}],"inLanguage":"es"},{"@type":"Organization","@id":"https:\/\/www.aula-ee.com\/es\/#organization","name":"Aula Escola Europea","url":"https:\/\/www.aula-ee.com\/es\/","logo":{"@type":"ImageObject","inLanguage":"es","@id":"https:\/\/www.aula-ee.com\/es\/#\/schema\/logo\/image\/","url":"https:\/\/www.aula-ee.com\/wp-content\/uploads\/logo-aula-ee.png","contentUrl":"https:\/\/www.aula-ee.com\/wp-content\/uploads\/logo-aula-ee.png","width":588,"height":108,"caption":"Aula Escola Europea"},"image":{"@id":"https:\/\/www.aula-ee.com\/es\/#\/schema\/logo\/image\/"}},{"@type":"Person","@id":"https:\/\/www.aula-ee.com\/es\/#\/schema\/person\/486d90a2a90d8f19d8cb0d7eea56589f","name":"emfasi","sameAs":["https:\/\/www.aula-ee.com"],"url":"https:\/\/www.aula-ee.com\/es\/author\/emfasi\/"}]}},"_links":{"self":[{"href":"https:\/\/www.aula-ee.com\/es\/wp-json\/wp\/v2\/posts\/13639","targetHints":{"allow":["GET"]}}],"collection":[{"href":"https:\/\/www.aula-ee.com\/es\/wp-json\/wp\/v2\/posts"}],"about":[{"href":"https:\/\/www.aula-ee.com\/es\/wp-json\/wp\/v2\/types\/post"}],"author":[{"embeddable":true,"href":"https:\/\/www.aula-ee.com\/es\/wp-json\/wp\/v2\/users\/1"}],"replies":[{"embeddable":true,"href":"https:\/\/www.aula-ee.com\/es\/wp-json\/wp\/v2\/comments?post=13639"}],"version-history":[{"count":0,"href":"https:\/\/www.aula-ee.com\/es\/wp-json\/wp\/v2\/posts\/13639\/revisions"}],"wp:featuredmedia":[{"embeddable":true,"href":"https:\/\/www.aula-ee.com\/es\/wp-json\/wp\/v2\/media\/8536"}],"wp:attachment":[{"href":"https:\/\/www.aula-ee.com\/es\/wp-json\/wp\/v2\/media?parent=13639"}],"wp:term":[{"taxonomy":"category","embeddable":true,"href":"https:\/\/www.aula-ee.com\/es\/wp-json\/wp\/v2\/categories?post=13639"},{"taxonomy":"post_tag","embeddable":true,"href":"https:\/\/www.aula-ee.com\/es\/wp-json\/wp\/v2\/tags?post=13639"}],"curies":[{"name":"wp","href":"https:\/\/api.w.org\/{rel}","templated":true}]}}