{"id":13810,"date":"2019-05-31T13:19:14","date_gmt":"2019-05-31T13:19:14","guid":{"rendered":"https:\/\/www.aula-ee.com\/activitats-del-mes-de-juny-2\/"},"modified":"2025-07-09T08:52:22","modified_gmt":"2025-07-09T08:52:22","slug":"activitats-del-mes-de-juny-2","status":"publish","type":"post","link":"https:\/\/www.aula-ee.com\/es\/activitats-del-mes-de-juny-2\/","title":{"rendered":"Actividades del mes de junio"},"content":{"rendered":"<p>Aqu\u00ed pueden consultar todas las actividades complementarias del mes de <strong>junio de 2019.<\/strong><\/p>\n<table style=\"border-collapse: collapse; width: 99.903%; height: 978px;\">\n<tbody>\n<tr style=\"height: 117px;\">\n<td style=\"width: 13.87%; text-align: center; vertical-align: middle; height: 117px;\" width=\"136\">&nbsp;<\/p>\n<p>&nbsp;<\/p>\n<p>4 (dimarts)<\/td>\n<td style=\"width: 86.033%; height: 117px;\" width=\"552\">\n<p style=\"text-align: center;\"><strong>Cant\u00e0nia 2019 en l\u2019Auditori de Barcelona<\/strong><\/p>\n<p style=\"text-align: center;\">Alumnos de PV<\/p>\n<p style=\"text-align: center;\">A las 20.00h.<\/p>\n<\/td>\n<\/tr>\n<tr style=\"height: 104px;\">\n<td style=\"width: 13.87%; text-align: center; vertical-align: middle; height: 104px;\" width=\"136\">5 (dimecres)<\/td>\n<td style=\"width: 86.033%; height: 104px;\" width=\"552\"><strong>\u00a0<\/strong><strong>Sesi\u00f3n \u201cPrevenci\u00f3n en las redes sociales\u201d<\/strong>. Grupos PV A, E e I. Ma\u00f1ana. Escuela.<\/p>\n<p><strong>\u00a0<\/strong><strong>Representaci\u00f3n de teatro a cargo de los alumnos de<\/strong>\u00a0<strong>J4 A<\/strong>: \u201cEl or\u00edgen de la vida\u201d. Todas las clases de Parvulario est\u00e1n invitadas.<\/td>\n<\/tr>\n<tr style=\"height: 69px;\">\n<td style=\"width: 13.87%; text-align: center; vertical-align: middle; height: 69px;\">6 (dijous)<\/td>\n<td style=\"width: 86.033%; height: 69px;\"><strong>Representaci\u00f3n de teatro a cargo de los alumnos de<\/strong> <strong>J5 A<\/strong>: \u201cDespr\u00e9s de la pluja\u201d. Todas las clases de Parvulario est\u00e1n invitadas.<\/td>\n<\/tr>\n<tr style=\"height: 139px;\">\n<td style=\"width: 13.87%; height: 139px; text-align: center; vertical-align: middle;\" width=\"136\">7 (divendres)<\/p>\n<p>&nbsp;<\/td>\n<td style=\"width: 86.033%; height: 139px;\" width=\"552\"><strong>Ciclo de Historia XV. La gran Barcelona<\/strong>. Grupos PV A, E e I. Sras. Lozano, Santiago y Vald\u00e9s y Sr. Balcells. Todo el d\u00eda. Autocar.<\/p>\n<p><strong>Salida a Llinars del Vall\u00e8s: \u201cEl Xaragall: Jocs d\u2019aigua\u201d<\/strong>. Grupos J5 A, E y B. Todo el d\u00eda. Autocar.<\/p>\n<p><strong>Salida a Can Montcau: \u201cFem coca de Sant Joan\u201d<\/strong>. Grupos J4 A, E y B. Todo el d\u00eda.\u00a0 Autocar.<\/td>\n<\/tr>\n<tr style=\"height: 60px;\">\n<td style=\"width: 13.87%; height: 60px; text-align: center; vertical-align: middle;\" width=\"136\">10 (dilluns)<\/td>\n<td style=\"width: 86.033%; height: 60px;\" width=\"552\">\n<p style=\"text-align: center;\"><strong>\u00a0<\/strong><strong>Festivo oficial.<\/strong><\/p>\n<\/td>\n<\/tr>\n<tr style=\"height: 124px;\">\n<td style=\"width: 13.87%; height: 124px; text-align: center; vertical-align: middle;\" width=\"136\"><span style=\"font-family: inherit;\">11 (dimarts)<\/span><\/td>\n<td style=\"width: 86.033%; height: 124px;\" width=\"552\"><strong>Representaci\u00f3n de teatro en franc\u00e9s a cargo de los alumnos de<\/strong> <strong>J5 A<\/strong>: \u201cChantons avec les mains. Todas las clases de parvulario est\u00e1n invitadas.<\/p>\n<p><strong>Representaci\u00f3n de teatro en franc\u00e9s a cargo de los alumnos de<\/strong> <strong>J5 B<\/strong>: \u201cComptines manuelles\u201d. Todas las clases de parvulario est\u00e1n invitadas.<\/td>\n<\/tr>\n<tr style=\"height: 139px;\">\n<td style=\"width: 13.87%; height: 139px; text-align: center; vertical-align: middle;\" width=\"136\">12 (dimecres)<\/td>\n<td style=\"width: 86.033%; height: 139px;\" width=\"552\">\n<p style=\"text-align: center;\"><strong>\u00a0<\/strong><strong><em>D\u00cdA DEL DEPORTE<\/em><\/strong><\/p>\n<p><strong>\u00a0<\/strong><strong>Representaci\u00f3n de teatro a cargo de los alumnos de<\/strong> <strong>J4 E<\/strong>: \u201cElmer\u201d. Todas las clases de Parvulario est\u00e1n invitadas.<\/p>\n<p><strong>Representaci\u00f3n de teatro a cargo de los alumnos <\/strong><strong>de<\/strong> <strong>J5 E<\/strong>: \u201cEl follet valent\u201d. Todas las clases de Parvulario est\u00e1n invitadas.<\/td>\n<\/tr>\n<tr style=\"height: 106px;\">\n<td style=\"width: 13.87%; height: 106px; text-align: center; vertical-align: middle;\" width=\"136\">13 (dijous)<\/td>\n<td style=\"width: 86.033%; height: 106px;\" width=\"552\"><strong><em>\u00a0<\/em><\/strong><strong>Salida a la Ciutat Esportiva Dani Jarque (RCD Espanyol). <\/strong>Grupos Crescendo A, E e I. Todo el d\u00eda. Autocar.<\/p>\n<p style=\"text-align: center;\"><strong><em>\u00a0<\/em><\/strong><strong><em>Concierto de la Coral de Aula en la iglesia de Sant Gaiet\u00e0. <\/em><\/strong><\/p>\n<p style=\"text-align: center;\">A las 17.45 h.<\/p>\n<\/td>\n<\/tr>\n<tr>\n<td style=\"width: 13.87%; text-align: center; vertical-align: middle;\" width=\"136\"><span style=\"font-family: inherit;\">14 (divendres)<\/span><\/td>\n<td style=\"width: 86.033%;\" width=\"552\"><strong>Participaci\u00f3n de los alumnos de Darwin en el proyecto Fisidabo. <\/strong>Sr. Mazon. Todo el d\u00eda.<\/p>\n<p><strong>Salida al Centro de Recuperaci\u00f3n de Amfibios y Reptiles de Catalu\u00f1a<\/strong>. Grupos PIV A, E y B. Sras. Mart\u00edn, Massana y Rodr\u00edguez y Sr. Balcells. Todo el d\u00eda. Autocar.<\/p>\n<p><strong>Representaci\u00f3n de teatro en ingl\u00e9s a cargo de los alumnos de<\/strong> <strong>J5 A<\/strong>: \u201cAnimals in the jungle\u201d. Todas las clases de Parvulario est\u00e1n invitadas.<\/p>\n<p><strong>Representaci\u00f3n de teatro en franc\u00e9s a cargo de los alumnos de<\/strong> <strong>J4 B: <\/strong>\u201cLes 5 sens\u201d. Todas las clases de Parvulario est\u00e1n invitadas.<\/p>\n<p><strong>Representaci\u00f3n de teatro en franc\u00e9s a cargo de los alumnos de<\/strong> <strong>J4 E: <\/strong>\u201cLa chenille\u201d. Todas las clases de Parvulario est\u00e1n invitadas.<\/p>\n<p><strong>Representaci\u00f3n de teatro en franc\u00e9s a cargo de los alumnos de<\/strong> <strong>J4 A: <\/strong>\u201cPromenons nous dans les bois\u201d. Todas las clases de Parvulario est\u00e1n invitadas.<\/p>\n<p><strong>Representaci\u00f3n de teatro en franc\u00e9s a cargo de los alumnos de<\/strong> <strong>J5 E<\/strong>: \u201cSpectaculaire\u201d Todas las clases de Parvulario est\u00e1n invitadas.<\/td>\n<\/tr>\n<tr>\n<td style=\"width: 13.87%; text-align: center; vertical-align: middle;\" width=\"136\">17 (dilluns)<\/td>\n<td style=\"width: 86.033%;\" width=\"552\"><strong>Salida al Jard\u00edn Bot\u00e1nico: \u201cFem el cam\u00ed del pol\u00b7len\u201d.<\/strong> Grupo Crescendo A. Sra. Angelet. Ma\u00f1ana. Autocar.<\/td>\n<\/tr>\n<tr>\n<td style=\"width: 13.87%; text-align: center; vertical-align: middle;\" width=\"136\"><span style=\"font-family: inherit;\">18 (dimarts)<\/span><\/td>\n<td style=\"width: 86.033%;\" width=\"552\">\n<p style=\"text-align: center;\"><strong><em>D\u00cdA DE LA M\u00daSICA Y LA POES\u00cdA<\/em><\/strong><\/p>\n<p style=\"text-align: center;\"><strong>CIERRE DEL CURSO EN LA SECCI\u00d3N DE SECUNDARIA Y BACHILLERATO<\/strong><strong>\u00a0<\/strong><\/p>\n<\/td>\n<\/tr>\n<tr>\n<td style=\"width: 13.87%; text-align: center; vertical-align: middle;\" width=\"136\">19 (dimecres)<\/td>\n<td style=\"width: 86.033%;\" width=\"552\"><strong>Despedida de los ni\u00f1os y ni\u00f1as de J5: \u201cJa s\u2019han fet grans!\u201d<\/strong><\/p>\n<p><strong>Representaci\u00f3n de teatro a cargo de los alumnos de<\/strong> <strong>J3 A, E y B<\/strong>: \u201cEndevina qui soc\u201d \u201cAdivina qu\u00e9n soy\u201d. Todas las clases de Parvulario est\u00e1n invitadas.<\/p>\n<p><strong>Salida Aula Muntanya: Parc Nacional d\u2019Ordesa.<\/strong> Para alumnos de PIV, PV, PVI y ESO I. (Vuelta el viernes 21). Autocar.<\/td>\n<\/tr>\n<tr>\n<td style=\"width: 13.87%; text-align: center; vertical-align: middle;\" width=\"136\">20 (jueves)<\/td>\n<td style=\"width: 86.033%;\" width=\"552\">\n<p style=\"text-align: center;\"><strong>\u00a1Los alumnos de PV se despiden de sus ahijados!<\/strong><\/p>\n<p><strong>Salida al Parque Medioambiental de Gualba. <\/strong>Grupos PIII A, E y B. Sras. Estrada, Ferrer y Mitjans. Todo el d\u00eda. Autocar.<\/p>\n<p><strong>Salida al Parque de las Moriscas de Sant Quirze del Vall\u00e8s.<\/strong> Grupos PII A, E y B. Sras. Cairol, Garc\u00eda y Pena. Todo el d\u00eda. Autocar.<\/p>\n<p><strong>Salida al Parc Nou del Prat de Llobregat.<\/strong> Grupos PI A, E y B. Sras. \u00c1lvarez, Antequera y Mart\u00ednez. Todo el d\u00eda. Autocar.<\/td>\n<\/tr>\n<tr>\n<td style=\"width: 13.87%; text-align: center; vertical-align: middle;\" width=\"136\"><span style=\"font-family: inherit;\">21 (divendres)<\/span><\/td>\n<td style=\"width: 86.033%;\" width=\"552\"><strong>\u00a0<\/strong><strong> \u201cFiesta de las mascotas en Parvulario\u201d. Despedida.<\/strong><\/td>\n<\/tr>\n<\/tbody>\n<\/table>\n<p><strong><u>IMPORTANTE<\/u><\/strong><strong>\u00a0\u00a0\u00a0\u00a0\u00a0\u00a0\u00a0\u00a0 <\/strong><\/p>\n<p><strong>El \u00faltimo d\u00eda de actividades extraescolares\u00a0<\/strong> del mi\u00e9rcoles por la tarde\u00a0<strong>es el 19 de junio.\u00a0<\/strong><\/p>\n<p>Los alumnos de <strong>Parvulario y Primaria tendr\u00e1n clase normal<\/strong> hasta el virnes 21, d\u00eda en el que acabar\u00e1n las clases a las 13h.<\/p>\n<p>La salida de los\u00a0<strong>autocares el \u00faltimo d\u00eda ser\u00e1 a las 13h.<\/strong><\/p>\n<p><strong>La cena de fin de curso y despedida de los alumnos del Grupo Logos se har\u00e1 el 28 de junio.\u00a0<\/strong><\/p>\n","protected":false},"excerpt":{"rendered":"<p>Aqu\u00ed pueden consultar todas las actividades complementarias del mes de junio de 2019. &nbsp; &nbsp; 4 (dimarts) Cant\u00e0nia 2019 en l\u2019Auditori de Barcelona Alumnos de PV A las 20.00h. 5 &hellip;<\/p>\n","protected":false},"author":1,"featured_media":8576,"comment_status":"closed","ping_status":"closed","sticky":false,"template":"","format":"standard","meta":{"_acf_changed":false,"footnotes":""},"categories":[122],"tags":[],"class_list":["post-13810","post","type-post","status-publish","format-standard","has-post-thumbnail","hentry","category-sobre-la-escuela"],"acf":[],"yoast_head":"<!-- This site is optimized with the Yoast SEO plugin v27.2 - https:\/\/yoast.com\/product\/yoast-seo-wordpress\/ -->\n<title>Actividades del mes de junio - Aula Escola Europea<\/title>\n<meta name=\"description\" content=\"Aqu\u00ed pueden consultar todas las actividades complementarias del mes de junio de 2019. &nbsp; &nbsp; 4 (dimarts) Cant\u00e0nia 2019 en l\u2019Auditori de Barcelona\" \/>\n<meta name=\"robots\" content=\"index, follow, max-snippet:-1, max-image-preview:large, max-video-preview:-1\" \/>\n<link rel=\"canonical\" href=\"https:\/\/www.aula-ee.com\/es\/activitats-del-mes-de-juny-2\/\" \/>\n<meta property=\"og:locale\" content=\"es_ES\" \/>\n<meta property=\"og:type\" content=\"article\" \/>\n<meta property=\"og:title\" content=\"Actividades del mes de junio - Aula Escola Europea\" \/>\n<meta property=\"og:description\" content=\"Aqu\u00ed pueden consultar todas las actividades complementarias del mes de junio de 2019. &nbsp; &nbsp; 4 (dimarts) Cant\u00e0nia 2019 en l\u2019Auditori de Barcelona\" \/>\n<meta property=\"og:url\" content=\"https:\/\/www.aula-ee.com\/es\/activitats-del-mes-de-juny-2\/\" \/>\n<meta property=\"og:site_name\" content=\"Aula Escola Europea\" \/>\n<meta property=\"article:published_time\" content=\"2019-05-31T13:19:14+00:00\" \/>\n<meta property=\"article:modified_time\" content=\"2025-07-09T08:52:22+00:00\" \/>\n<meta property=\"og:image\" content=\"https:\/\/www.aula-ee.com\/wp-content\/uploads\/097_AULA_Escola_Europea_Barcelona_parvulari_natura_docent-1.jpg\" \/>\n\t<meta property=\"og:image:width\" content=\"2560\" \/>\n\t<meta property=\"og:image:height\" content=\"1707\" \/>\n\t<meta property=\"og:image:type\" content=\"image\/jpeg\" \/>\n<meta name=\"author\" content=\"emfasi\" \/>\n<meta name=\"twitter:card\" content=\"summary_large_image\" \/>\n<meta name=\"twitter:label1\" content=\"Escrito por\" \/>\n\t<meta name=\"twitter:data1\" content=\"emfasi\" \/>\n\t<meta name=\"twitter:label2\" content=\"Tiempo de lectura\" \/>\n\t<meta name=\"twitter:data2\" content=\"4 minutos\" \/>\n<script type=\"application\/ld+json\" class=\"yoast-schema-graph\">{\"@context\":\"https:\/\/schema.org\",\"@graph\":[{\"@type\":\"Article\",\"@id\":\"https:\/\/www.aula-ee.com\/es\/activitats-del-mes-de-juny-2\/#article\",\"isPartOf\":{\"@id\":\"https:\/\/www.aula-ee.com\/es\/activitats-del-mes-de-juny-2\/\"},\"author\":{\"name\":\"emfasi\",\"@id\":\"https:\/\/www.aula-ee.com\/es\/#\/schema\/person\/486d90a2a90d8f19d8cb0d7eea56589f\"},\"headline\":\"Actividades del mes de junio\",\"datePublished\":\"2019-05-31T13:19:14+00:00\",\"dateModified\":\"2025-07-09T08:52:22+00:00\",\"mainEntityOfPage\":{\"@id\":\"https:\/\/www.aula-ee.com\/es\/activitats-del-mes-de-juny-2\/\"},\"wordCount\":774,\"publisher\":{\"@id\":\"https:\/\/www.aula-ee.com\/es\/#organization\"},\"image\":{\"@id\":\"https:\/\/www.aula-ee.com\/es\/activitats-del-mes-de-juny-2\/#primaryimage\"},\"thumbnailUrl\":\"https:\/\/www.aula-ee.com\/wp-content\/uploads\/097_AULA_Escola_Europea_Barcelona_parvulari_natura_docent-1.jpg\",\"articleSection\":[\"Sobre la escuela\"],\"inLanguage\":\"es\"},{\"@type\":\"WebPage\",\"@id\":\"https:\/\/www.aula-ee.com\/es\/activitats-del-mes-de-juny-2\/\",\"url\":\"https:\/\/www.aula-ee.com\/es\/activitats-del-mes-de-juny-2\/\",\"name\":\"Actividades del mes de junio - Aula Escola Europea\",\"isPartOf\":{\"@id\":\"https:\/\/www.aula-ee.com\/es\/#website\"},\"primaryImageOfPage\":{\"@id\":\"https:\/\/www.aula-ee.com\/es\/activitats-del-mes-de-juny-2\/#primaryimage\"},\"image\":{\"@id\":\"https:\/\/www.aula-ee.com\/es\/activitats-del-mes-de-juny-2\/#primaryimage\"},\"thumbnailUrl\":\"https:\/\/www.aula-ee.com\/wp-content\/uploads\/097_AULA_Escola_Europea_Barcelona_parvulari_natura_docent-1.jpg\",\"datePublished\":\"2019-05-31T13:19:14+00:00\",\"dateModified\":\"2025-07-09T08:52:22+00:00\",\"description\":\"Aqu\u00ed pueden consultar todas las actividades complementarias del mes de junio de 2019. &nbsp; &nbsp; 4 (dimarts) Cant\u00e0nia 2019 en l\u2019Auditori de Barcelona\",\"breadcrumb\":{\"@id\":\"https:\/\/www.aula-ee.com\/es\/activitats-del-mes-de-juny-2\/#breadcrumb\"},\"inLanguage\":\"es\",\"potentialAction\":[{\"@type\":\"ReadAction\",\"target\":[\"https:\/\/www.aula-ee.com\/es\/activitats-del-mes-de-juny-2\/\"]}]},{\"@type\":\"ImageObject\",\"inLanguage\":\"es\",\"@id\":\"https:\/\/www.aula-ee.com\/es\/activitats-del-mes-de-juny-2\/#primaryimage\",\"url\":\"https:\/\/www.aula-ee.com\/wp-content\/uploads\/097_AULA_Escola_Europea_Barcelona_parvulari_natura_docent-1.jpg\",\"contentUrl\":\"https:\/\/www.aula-ee.com\/wp-content\/uploads\/097_AULA_Escola_Europea_Barcelona_parvulari_natura_docent-1.jpg\",\"width\":2560,\"height\":1707,\"caption\":\"Activitats del mes de setembre 2018\"},{\"@type\":\"BreadcrumbList\",\"@id\":\"https:\/\/www.aula-ee.com\/es\/activitats-del-mes-de-juny-2\/#breadcrumb\",\"itemListElement\":[{\"@type\":\"ListItem\",\"position\":1,\"name\":\"Portada\",\"item\":\"https:\/\/www.aula-ee.com\/es\/\"},{\"@type\":\"ListItem\",\"position\":2,\"name\":\"Actividades del mes de junio\"}]},{\"@type\":\"WebSite\",\"@id\":\"https:\/\/www.aula-ee.com\/es\/#website\",\"url\":\"https:\/\/www.aula-ee.com\/es\/\",\"name\":\"Aula Escola Europea\",\"description\":\"\",\"publisher\":{\"@id\":\"https:\/\/www.aula-ee.com\/es\/#organization\"},\"potentialAction\":[{\"@type\":\"SearchAction\",\"target\":{\"@type\":\"EntryPoint\",\"urlTemplate\":\"https:\/\/www.aula-ee.com\/es\/?s={search_term_string}\"},\"query-input\":{\"@type\":\"PropertyValueSpecification\",\"valueRequired\":true,\"valueName\":\"search_term_string\"}}],\"inLanguage\":\"es\"},{\"@type\":\"Organization\",\"@id\":\"https:\/\/www.aula-ee.com\/es\/#organization\",\"name\":\"Aula Escola Europea\",\"url\":\"https:\/\/www.aula-ee.com\/es\/\",\"logo\":{\"@type\":\"ImageObject\",\"inLanguage\":\"es\",\"@id\":\"https:\/\/www.aula-ee.com\/es\/#\/schema\/logo\/image\/\",\"url\":\"https:\/\/www.aula-ee.com\/wp-content\/uploads\/logo-aula-ee.png\",\"contentUrl\":\"https:\/\/www.aula-ee.com\/wp-content\/uploads\/logo-aula-ee.png\",\"width\":588,\"height\":108,\"caption\":\"Aula Escola Europea\"},\"image\":{\"@id\":\"https:\/\/www.aula-ee.com\/es\/#\/schema\/logo\/image\/\"}},{\"@type\":\"Person\",\"@id\":\"https:\/\/www.aula-ee.com\/es\/#\/schema\/person\/486d90a2a90d8f19d8cb0d7eea56589f\",\"name\":\"emfasi\",\"sameAs\":[\"https:\/\/www.aula-ee.com\"],\"url\":\"https:\/\/www.aula-ee.com\/es\/author\/emfasi\/\"}]}<\/script>\n<!-- \/ Yoast SEO plugin. -->","yoast_head_json":{"title":"Actividades del mes de junio - Aula Escola Europea","description":"Aqu\u00ed pueden consultar todas las actividades complementarias del mes de junio de 2019. &nbsp; &nbsp; 4 (dimarts) Cant\u00e0nia 2019 en l\u2019Auditori de Barcelona","robots":{"index":"index","follow":"follow","max-snippet":"max-snippet:-1","max-image-preview":"max-image-preview:large","max-video-preview":"max-video-preview:-1"},"canonical":"https:\/\/www.aula-ee.com\/es\/activitats-del-mes-de-juny-2\/","og_locale":"es_ES","og_type":"article","og_title":"Actividades del mes de junio - Aula Escola Europea","og_description":"Aqu\u00ed pueden consultar todas las actividades complementarias del mes de junio de 2019. &nbsp; &nbsp; 4 (dimarts) Cant\u00e0nia 2019 en l\u2019Auditori de Barcelona","og_url":"https:\/\/www.aula-ee.com\/es\/activitats-del-mes-de-juny-2\/","og_site_name":"Aula Escola Europea","article_published_time":"2019-05-31T13:19:14+00:00","article_modified_time":"2025-07-09T08:52:22+00:00","og_image":[{"width":2560,"height":1707,"url":"https:\/\/www.aula-ee.com\/wp-content\/uploads\/097_AULA_Escola_Europea_Barcelona_parvulari_natura_docent-1.jpg","type":"image\/jpeg"}],"author":"emfasi","twitter_card":"summary_large_image","twitter_misc":{"Escrito por":"emfasi","Tiempo de lectura":"4 minutos"},"schema":{"@context":"https:\/\/schema.org","@graph":[{"@type":"Article","@id":"https:\/\/www.aula-ee.com\/es\/activitats-del-mes-de-juny-2\/#article","isPartOf":{"@id":"https:\/\/www.aula-ee.com\/es\/activitats-del-mes-de-juny-2\/"},"author":{"name":"emfasi","@id":"https:\/\/www.aula-ee.com\/es\/#\/schema\/person\/486d90a2a90d8f19d8cb0d7eea56589f"},"headline":"Actividades del mes de junio","datePublished":"2019-05-31T13:19:14+00:00","dateModified":"2025-07-09T08:52:22+00:00","mainEntityOfPage":{"@id":"https:\/\/www.aula-ee.com\/es\/activitats-del-mes-de-juny-2\/"},"wordCount":774,"publisher":{"@id":"https:\/\/www.aula-ee.com\/es\/#organization"},"image":{"@id":"https:\/\/www.aula-ee.com\/es\/activitats-del-mes-de-juny-2\/#primaryimage"},"thumbnailUrl":"https:\/\/www.aula-ee.com\/wp-content\/uploads\/097_AULA_Escola_Europea_Barcelona_parvulari_natura_docent-1.jpg","articleSection":["Sobre la escuela"],"inLanguage":"es"},{"@type":"WebPage","@id":"https:\/\/www.aula-ee.com\/es\/activitats-del-mes-de-juny-2\/","url":"https:\/\/www.aula-ee.com\/es\/activitats-del-mes-de-juny-2\/","name":"Actividades del mes de junio - Aula Escola Europea","isPartOf":{"@id":"https:\/\/www.aula-ee.com\/es\/#website"},"primaryImageOfPage":{"@id":"https:\/\/www.aula-ee.com\/es\/activitats-del-mes-de-juny-2\/#primaryimage"},"image":{"@id":"https:\/\/www.aula-ee.com\/es\/activitats-del-mes-de-juny-2\/#primaryimage"},"thumbnailUrl":"https:\/\/www.aula-ee.com\/wp-content\/uploads\/097_AULA_Escola_Europea_Barcelona_parvulari_natura_docent-1.jpg","datePublished":"2019-05-31T13:19:14+00:00","dateModified":"2025-07-09T08:52:22+00:00","description":"Aqu\u00ed pueden consultar todas las actividades complementarias del mes de junio de 2019. &nbsp; &nbsp; 4 (dimarts) Cant\u00e0nia 2019 en l\u2019Auditori de Barcelona","breadcrumb":{"@id":"https:\/\/www.aula-ee.com\/es\/activitats-del-mes-de-juny-2\/#breadcrumb"},"inLanguage":"es","potentialAction":[{"@type":"ReadAction","target":["https:\/\/www.aula-ee.com\/es\/activitats-del-mes-de-juny-2\/"]}]},{"@type":"ImageObject","inLanguage":"es","@id":"https:\/\/www.aula-ee.com\/es\/activitats-del-mes-de-juny-2\/#primaryimage","url":"https:\/\/www.aula-ee.com\/wp-content\/uploads\/097_AULA_Escola_Europea_Barcelona_parvulari_natura_docent-1.jpg","contentUrl":"https:\/\/www.aula-ee.com\/wp-content\/uploads\/097_AULA_Escola_Europea_Barcelona_parvulari_natura_docent-1.jpg","width":2560,"height":1707,"caption":"Activitats del mes de setembre 2018"},{"@type":"BreadcrumbList","@id":"https:\/\/www.aula-ee.com\/es\/activitats-del-mes-de-juny-2\/#breadcrumb","itemListElement":[{"@type":"ListItem","position":1,"name":"Portada","item":"https:\/\/www.aula-ee.com\/es\/"},{"@type":"ListItem","position":2,"name":"Actividades del mes de junio"}]},{"@type":"WebSite","@id":"https:\/\/www.aula-ee.com\/es\/#website","url":"https:\/\/www.aula-ee.com\/es\/","name":"Aula Escola Europea","description":"","publisher":{"@id":"https:\/\/www.aula-ee.com\/es\/#organization"},"potentialAction":[{"@type":"SearchAction","target":{"@type":"EntryPoint","urlTemplate":"https:\/\/www.aula-ee.com\/es\/?s={search_term_string}"},"query-input":{"@type":"PropertyValueSpecification","valueRequired":true,"valueName":"search_term_string"}}],"inLanguage":"es"},{"@type":"Organization","@id":"https:\/\/www.aula-ee.com\/es\/#organization","name":"Aula Escola Europea","url":"https:\/\/www.aula-ee.com\/es\/","logo":{"@type":"ImageObject","inLanguage":"es","@id":"https:\/\/www.aula-ee.com\/es\/#\/schema\/logo\/image\/","url":"https:\/\/www.aula-ee.com\/wp-content\/uploads\/logo-aula-ee.png","contentUrl":"https:\/\/www.aula-ee.com\/wp-content\/uploads\/logo-aula-ee.png","width":588,"height":108,"caption":"Aula Escola Europea"},"image":{"@id":"https:\/\/www.aula-ee.com\/es\/#\/schema\/logo\/image\/"}},{"@type":"Person","@id":"https:\/\/www.aula-ee.com\/es\/#\/schema\/person\/486d90a2a90d8f19d8cb0d7eea56589f","name":"emfasi","sameAs":["https:\/\/www.aula-ee.com"],"url":"https:\/\/www.aula-ee.com\/es\/author\/emfasi\/"}]}},"_links":{"self":[{"href":"https:\/\/www.aula-ee.com\/es\/wp-json\/wp\/v2\/posts\/13810","targetHints":{"allow":["GET"]}}],"collection":[{"href":"https:\/\/www.aula-ee.com\/es\/wp-json\/wp\/v2\/posts"}],"about":[{"href":"https:\/\/www.aula-ee.com\/es\/wp-json\/wp\/v2\/types\/post"}],"author":[{"embeddable":true,"href":"https:\/\/www.aula-ee.com\/es\/wp-json\/wp\/v2\/users\/1"}],"replies":[{"embeddable":true,"href":"https:\/\/www.aula-ee.com\/es\/wp-json\/wp\/v2\/comments?post=13810"}],"version-history":[{"count":0,"href":"https:\/\/www.aula-ee.com\/es\/wp-json\/wp\/v2\/posts\/13810\/revisions"}],"wp:featuredmedia":[{"embeddable":true,"href":"https:\/\/www.aula-ee.com\/es\/wp-json\/wp\/v2\/media\/8576"}],"wp:attachment":[{"href":"https:\/\/www.aula-ee.com\/es\/wp-json\/wp\/v2\/media?parent=13810"}],"wp:term":[{"taxonomy":"category","embeddable":true,"href":"https:\/\/www.aula-ee.com\/es\/wp-json\/wp\/v2\/categories?post=13810"},{"taxonomy":"post_tag","embeddable":true,"href":"https:\/\/www.aula-ee.com\/es\/wp-json\/wp\/v2\/tags?post=13810"}],"curies":[{"name":"wp","href":"https:\/\/api.w.org\/{rel}","templated":true}]}}