{"id":13828,"date":"2019-09-30T07:47:16","date_gmt":"2019-09-30T07:47:16","guid":{"rendered":"https:\/\/www.aula-ee.com\/primera-sortida-aula-muntanya-2\/"},"modified":"2025-07-09T08:52:25","modified_gmt":"2025-07-09T08:52:25","slug":"primera-sortida-aula-muntanya-2","status":"publish","type":"post","link":"https:\/\/www.aula-ee.com\/es\/primera-sortida-aula-muntanya-2\/","title":{"rendered":"Primera salida Aula Muntanya"},"content":{"rendered":"<p>Este fin de semana \u00a1hemos disfrutado de la primera salida de Aula Muntanya! Esta vez hemos ido por la zona de La Cerdanya.<\/p>\n<p>Nos fuimos el viernes despu\u00e9s de comer y por la tarde ya est\u00e1bamos dando una vuelta hasta el Castell de Canals.<\/p>\n<p>La noche todos juntos en el refugio \u00a1fue muy bien! Al d\u00eda siguiente, despu\u00e9s de un buen desayuno empezamos la ruta. Pasamos por Torrent del Raset, llegamos al Prat de les Marmotes y subimos a Penyes Altes (2.276m), despu\u00e9s bajamos por el Pla de Moixer\u00f3 para llegar al pico de Moixer\u00f3 ( 2.000m) y ya por la tarde volvimos al refugio donde nos esperaban los autocares para volver a casa.<\/p>\n","protected":false},"excerpt":{"rendered":"<p>Este fin de semana \u00a1hemos disfrutado de la primera salida de Aula Muntanya! Esta vez hemos ido por la zona de La Cerdanya. Nos fuimos el viernes despu\u00e9s de comer &hellip;<\/p>\n","protected":false},"author":1,"featured_media":9575,"comment_status":"closed","ping_status":"closed","sticky":false,"template":"","format":"standard","meta":{"_acf_changed":false,"footnotes":""},"categories":[122],"tags":[306],"class_list":["post-13828","post","type-post","status-publish","format-standard","has-post-thumbnail","hentry","category-sobre-la-escuela","tag-aula-muntanya-es"],"acf":[],"yoast_head":"<!-- This site is optimized with the Yoast SEO plugin v27.2 - https:\/\/yoast.com\/product\/yoast-seo-wordpress\/ -->\n<title>Primera salida Aula Muntanya - Aula Escola Europea<\/title>\n<meta name=\"description\" content=\"Este fin de semana \u00a1hemos disfrutado de la primera salida de Aula Muntanya! Esta vez hemos ido por la zona de La Cerdanya. Nos fuimos el viernes despu\u00e9s\" \/>\n<meta name=\"robots\" content=\"index, follow, max-snippet:-1, max-image-preview:large, max-video-preview:-1\" \/>\n<link rel=\"canonical\" href=\"https:\/\/www.aula-ee.com\/es\/primera-sortida-aula-muntanya-2\/\" \/>\n<meta property=\"og:locale\" content=\"es_ES\" \/>\n<meta property=\"og:type\" content=\"article\" \/>\n<meta property=\"og:title\" content=\"Primera salida Aula Muntanya - Aula Escola Europea\" \/>\n<meta property=\"og:description\" content=\"Este fin de semana \u00a1hemos disfrutado de la primera salida de Aula Muntanya! Esta vez hemos ido por la zona de La Cerdanya. Nos fuimos el viernes despu\u00e9s\" \/>\n<meta property=\"og:url\" content=\"https:\/\/www.aula-ee.com\/es\/primera-sortida-aula-muntanya-2\/\" \/>\n<meta property=\"og:site_name\" content=\"Aula Escola Europea\" \/>\n<meta property=\"article:published_time\" content=\"2019-09-30T07:47:16+00:00\" \/>\n<meta property=\"article:modified_time\" content=\"2025-07-09T08:52:25+00:00\" \/>\n<meta property=\"og:image\" content=\"https:\/\/www.aula-ee.com\/wp-content\/uploads\/img_7498.jpg\" \/>\n\t<meta property=\"og:image:width\" content=\"480\" \/>\n\t<meta property=\"og:image:height\" content=\"640\" \/>\n\t<meta property=\"og:image:type\" content=\"image\/jpeg\" \/>\n<meta name=\"author\" content=\"emfasi\" \/>\n<meta name=\"twitter:card\" content=\"summary_large_image\" \/>\n<meta name=\"twitter:label1\" content=\"Escrito por\" \/>\n\t<meta name=\"twitter:data1\" content=\"emfasi\" \/>\n\t<meta name=\"twitter:label2\" content=\"Tiempo de lectura\" \/>\n\t<meta name=\"twitter:data2\" content=\"1 minuto\" \/>\n<script type=\"application\/ld+json\" class=\"yoast-schema-graph\">{\"@context\":\"https:\/\/schema.org\",\"@graph\":[{\"@type\":\"Article\",\"@id\":\"https:\/\/www.aula-ee.com\/es\/primera-sortida-aula-muntanya-2\/#article\",\"isPartOf\":{\"@id\":\"https:\/\/www.aula-ee.com\/es\/primera-sortida-aula-muntanya-2\/\"},\"author\":{\"name\":\"emfasi\",\"@id\":\"https:\/\/www.aula-ee.com\/es\/#\/schema\/person\/486d90a2a90d8f19d8cb0d7eea56589f\"},\"headline\":\"Primera salida Aula Muntanya\",\"datePublished\":\"2019-09-30T07:47:16+00:00\",\"dateModified\":\"2025-07-09T08:52:25+00:00\",\"mainEntityOfPage\":{\"@id\":\"https:\/\/www.aula-ee.com\/es\/primera-sortida-aula-muntanya-2\/\"},\"wordCount\":122,\"publisher\":{\"@id\":\"https:\/\/www.aula-ee.com\/es\/#organization\"},\"image\":{\"@id\":\"https:\/\/www.aula-ee.com\/es\/primera-sortida-aula-muntanya-2\/#primaryimage\"},\"thumbnailUrl\":\"https:\/\/www.aula-ee.com\/wp-content\/uploads\/img_7498.jpg\",\"keywords\":[\"Aula Muntanya\"],\"articleSection\":[\"Sobre la escuela\"],\"inLanguage\":\"es\"},{\"@type\":\"WebPage\",\"@id\":\"https:\/\/www.aula-ee.com\/es\/primera-sortida-aula-muntanya-2\/\",\"url\":\"https:\/\/www.aula-ee.com\/es\/primera-sortida-aula-muntanya-2\/\",\"name\":\"Primera salida Aula Muntanya - Aula Escola Europea\",\"isPartOf\":{\"@id\":\"https:\/\/www.aula-ee.com\/es\/#website\"},\"primaryImageOfPage\":{\"@id\":\"https:\/\/www.aula-ee.com\/es\/primera-sortida-aula-muntanya-2\/#primaryimage\"},\"image\":{\"@id\":\"https:\/\/www.aula-ee.com\/es\/primera-sortida-aula-muntanya-2\/#primaryimage\"},\"thumbnailUrl\":\"https:\/\/www.aula-ee.com\/wp-content\/uploads\/img_7498.jpg\",\"datePublished\":\"2019-09-30T07:47:16+00:00\",\"dateModified\":\"2025-07-09T08:52:25+00:00\",\"description\":\"Este fin de semana \u00a1hemos disfrutado de la primera salida de Aula Muntanya! Esta vez hemos ido por la zona de La Cerdanya. Nos fuimos el viernes despu\u00e9s\",\"breadcrumb\":{\"@id\":\"https:\/\/www.aula-ee.com\/es\/primera-sortida-aula-muntanya-2\/#breadcrumb\"},\"inLanguage\":\"es\",\"potentialAction\":[{\"@type\":\"ReadAction\",\"target\":[\"https:\/\/www.aula-ee.com\/es\/primera-sortida-aula-muntanya-2\/\"]}]},{\"@type\":\"ImageObject\",\"inLanguage\":\"es\",\"@id\":\"https:\/\/www.aula-ee.com\/es\/primera-sortida-aula-muntanya-2\/#primaryimage\",\"url\":\"https:\/\/www.aula-ee.com\/wp-content\/uploads\/img_7498.jpg\",\"contentUrl\":\"https:\/\/www.aula-ee.com\/wp-content\/uploads\/img_7498.jpg\",\"width\":480,\"height\":640,\"caption\":\"Primera sortida Aula Muntanya\"},{\"@type\":\"BreadcrumbList\",\"@id\":\"https:\/\/www.aula-ee.com\/es\/primera-sortida-aula-muntanya-2\/#breadcrumb\",\"itemListElement\":[{\"@type\":\"ListItem\",\"position\":1,\"name\":\"Portada\",\"item\":\"https:\/\/www.aula-ee.com\/es\/\"},{\"@type\":\"ListItem\",\"position\":2,\"name\":\"Primera salida Aula Muntanya\"}]},{\"@type\":\"WebSite\",\"@id\":\"https:\/\/www.aula-ee.com\/es\/#website\",\"url\":\"https:\/\/www.aula-ee.com\/es\/\",\"name\":\"Aula Escola Europea\",\"description\":\"\",\"publisher\":{\"@id\":\"https:\/\/www.aula-ee.com\/es\/#organization\"},\"potentialAction\":[{\"@type\":\"SearchAction\",\"target\":{\"@type\":\"EntryPoint\",\"urlTemplate\":\"https:\/\/www.aula-ee.com\/es\/?s={search_term_string}\"},\"query-input\":{\"@type\":\"PropertyValueSpecification\",\"valueRequired\":true,\"valueName\":\"search_term_string\"}}],\"inLanguage\":\"es\"},{\"@type\":\"Organization\",\"@id\":\"https:\/\/www.aula-ee.com\/es\/#organization\",\"name\":\"Aula Escola Europea\",\"url\":\"https:\/\/www.aula-ee.com\/es\/\",\"logo\":{\"@type\":\"ImageObject\",\"inLanguage\":\"es\",\"@id\":\"https:\/\/www.aula-ee.com\/es\/#\/schema\/logo\/image\/\",\"url\":\"https:\/\/www.aula-ee.com\/wp-content\/uploads\/logo-aula-ee.png\",\"contentUrl\":\"https:\/\/www.aula-ee.com\/wp-content\/uploads\/logo-aula-ee.png\",\"width\":588,\"height\":108,\"caption\":\"Aula Escola Europea\"},\"image\":{\"@id\":\"https:\/\/www.aula-ee.com\/es\/#\/schema\/logo\/image\/\"}},{\"@type\":\"Person\",\"@id\":\"https:\/\/www.aula-ee.com\/es\/#\/schema\/person\/486d90a2a90d8f19d8cb0d7eea56589f\",\"name\":\"emfasi\",\"sameAs\":[\"https:\/\/www.aula-ee.com\"],\"url\":\"https:\/\/www.aula-ee.com\/es\/author\/emfasi\/\"}]}<\/script>\n<!-- \/ Yoast SEO plugin. -->","yoast_head_json":{"title":"Primera salida Aula Muntanya - Aula Escola Europea","description":"Este fin de semana \u00a1hemos disfrutado de la primera salida de Aula Muntanya! Esta vez hemos ido por la zona de La Cerdanya. Nos fuimos el viernes despu\u00e9s","robots":{"index":"index","follow":"follow","max-snippet":"max-snippet:-1","max-image-preview":"max-image-preview:large","max-video-preview":"max-video-preview:-1"},"canonical":"https:\/\/www.aula-ee.com\/es\/primera-sortida-aula-muntanya-2\/","og_locale":"es_ES","og_type":"article","og_title":"Primera salida Aula Muntanya - Aula Escola Europea","og_description":"Este fin de semana \u00a1hemos disfrutado de la primera salida de Aula Muntanya! Esta vez hemos ido por la zona de La Cerdanya. Nos fuimos el viernes despu\u00e9s","og_url":"https:\/\/www.aula-ee.com\/es\/primera-sortida-aula-muntanya-2\/","og_site_name":"Aula Escola Europea","article_published_time":"2019-09-30T07:47:16+00:00","article_modified_time":"2025-07-09T08:52:25+00:00","og_image":[{"width":480,"height":640,"url":"https:\/\/www.aula-ee.com\/wp-content\/uploads\/img_7498.jpg","type":"image\/jpeg"}],"author":"emfasi","twitter_card":"summary_large_image","twitter_misc":{"Escrito por":"emfasi","Tiempo de lectura":"1 minuto"},"schema":{"@context":"https:\/\/schema.org","@graph":[{"@type":"Article","@id":"https:\/\/www.aula-ee.com\/es\/primera-sortida-aula-muntanya-2\/#article","isPartOf":{"@id":"https:\/\/www.aula-ee.com\/es\/primera-sortida-aula-muntanya-2\/"},"author":{"name":"emfasi","@id":"https:\/\/www.aula-ee.com\/es\/#\/schema\/person\/486d90a2a90d8f19d8cb0d7eea56589f"},"headline":"Primera salida Aula Muntanya","datePublished":"2019-09-30T07:47:16+00:00","dateModified":"2025-07-09T08:52:25+00:00","mainEntityOfPage":{"@id":"https:\/\/www.aula-ee.com\/es\/primera-sortida-aula-muntanya-2\/"},"wordCount":122,"publisher":{"@id":"https:\/\/www.aula-ee.com\/es\/#organization"},"image":{"@id":"https:\/\/www.aula-ee.com\/es\/primera-sortida-aula-muntanya-2\/#primaryimage"},"thumbnailUrl":"https:\/\/www.aula-ee.com\/wp-content\/uploads\/img_7498.jpg","keywords":["Aula Muntanya"],"articleSection":["Sobre la escuela"],"inLanguage":"es"},{"@type":"WebPage","@id":"https:\/\/www.aula-ee.com\/es\/primera-sortida-aula-muntanya-2\/","url":"https:\/\/www.aula-ee.com\/es\/primera-sortida-aula-muntanya-2\/","name":"Primera salida Aula Muntanya - Aula Escola Europea","isPartOf":{"@id":"https:\/\/www.aula-ee.com\/es\/#website"},"primaryImageOfPage":{"@id":"https:\/\/www.aula-ee.com\/es\/primera-sortida-aula-muntanya-2\/#primaryimage"},"image":{"@id":"https:\/\/www.aula-ee.com\/es\/primera-sortida-aula-muntanya-2\/#primaryimage"},"thumbnailUrl":"https:\/\/www.aula-ee.com\/wp-content\/uploads\/img_7498.jpg","datePublished":"2019-09-30T07:47:16+00:00","dateModified":"2025-07-09T08:52:25+00:00","description":"Este fin de semana \u00a1hemos disfrutado de la primera salida de Aula Muntanya! Esta vez hemos ido por la zona de La Cerdanya. Nos fuimos el viernes despu\u00e9s","breadcrumb":{"@id":"https:\/\/www.aula-ee.com\/es\/primera-sortida-aula-muntanya-2\/#breadcrumb"},"inLanguage":"es","potentialAction":[{"@type":"ReadAction","target":["https:\/\/www.aula-ee.com\/es\/primera-sortida-aula-muntanya-2\/"]}]},{"@type":"ImageObject","inLanguage":"es","@id":"https:\/\/www.aula-ee.com\/es\/primera-sortida-aula-muntanya-2\/#primaryimage","url":"https:\/\/www.aula-ee.com\/wp-content\/uploads\/img_7498.jpg","contentUrl":"https:\/\/www.aula-ee.com\/wp-content\/uploads\/img_7498.jpg","width":480,"height":640,"caption":"Primera sortida Aula Muntanya"},{"@type":"BreadcrumbList","@id":"https:\/\/www.aula-ee.com\/es\/primera-sortida-aula-muntanya-2\/#breadcrumb","itemListElement":[{"@type":"ListItem","position":1,"name":"Portada","item":"https:\/\/www.aula-ee.com\/es\/"},{"@type":"ListItem","position":2,"name":"Primera salida Aula Muntanya"}]},{"@type":"WebSite","@id":"https:\/\/www.aula-ee.com\/es\/#website","url":"https:\/\/www.aula-ee.com\/es\/","name":"Aula Escola Europea","description":"","publisher":{"@id":"https:\/\/www.aula-ee.com\/es\/#organization"},"potentialAction":[{"@type":"SearchAction","target":{"@type":"EntryPoint","urlTemplate":"https:\/\/www.aula-ee.com\/es\/?s={search_term_string}"},"query-input":{"@type":"PropertyValueSpecification","valueRequired":true,"valueName":"search_term_string"}}],"inLanguage":"es"},{"@type":"Organization","@id":"https:\/\/www.aula-ee.com\/es\/#organization","name":"Aula Escola Europea","url":"https:\/\/www.aula-ee.com\/es\/","logo":{"@type":"ImageObject","inLanguage":"es","@id":"https:\/\/www.aula-ee.com\/es\/#\/schema\/logo\/image\/","url":"https:\/\/www.aula-ee.com\/wp-content\/uploads\/logo-aula-ee.png","contentUrl":"https:\/\/www.aula-ee.com\/wp-content\/uploads\/logo-aula-ee.png","width":588,"height":108,"caption":"Aula Escola Europea"},"image":{"@id":"https:\/\/www.aula-ee.com\/es\/#\/schema\/logo\/image\/"}},{"@type":"Person","@id":"https:\/\/www.aula-ee.com\/es\/#\/schema\/person\/486d90a2a90d8f19d8cb0d7eea56589f","name":"emfasi","sameAs":["https:\/\/www.aula-ee.com"],"url":"https:\/\/www.aula-ee.com\/es\/author\/emfasi\/"}]}},"_links":{"self":[{"href":"https:\/\/www.aula-ee.com\/es\/wp-json\/wp\/v2\/posts\/13828","targetHints":{"allow":["GET"]}}],"collection":[{"href":"https:\/\/www.aula-ee.com\/es\/wp-json\/wp\/v2\/posts"}],"about":[{"href":"https:\/\/www.aula-ee.com\/es\/wp-json\/wp\/v2\/types\/post"}],"author":[{"embeddable":true,"href":"https:\/\/www.aula-ee.com\/es\/wp-json\/wp\/v2\/users\/1"}],"replies":[{"embeddable":true,"href":"https:\/\/www.aula-ee.com\/es\/wp-json\/wp\/v2\/comments?post=13828"}],"version-history":[{"count":0,"href":"https:\/\/www.aula-ee.com\/es\/wp-json\/wp\/v2\/posts\/13828\/revisions"}],"wp:featuredmedia":[{"embeddable":true,"href":"https:\/\/www.aula-ee.com\/es\/wp-json\/wp\/v2\/media\/9575"}],"wp:attachment":[{"href":"https:\/\/www.aula-ee.com\/es\/wp-json\/wp\/v2\/media?parent=13828"}],"wp:term":[{"taxonomy":"category","embeddable":true,"href":"https:\/\/www.aula-ee.com\/es\/wp-json\/wp\/v2\/categories?post=13828"},{"taxonomy":"post_tag","embeddable":true,"href":"https:\/\/www.aula-ee.com\/es\/wp-json\/wp\/v2\/tags?post=13828"}],"curies":[{"name":"wp","href":"https:\/\/api.w.org\/{rel}","templated":true}]}}