{"id":13836,"date":"2019-10-30T14:29:45","date_gmt":"2019-10-30T14:29:45","guid":{"rendered":"https:\/\/www.aula-ee.com\/activitats-del-mes-de-novembre-2\/"},"modified":"2025-07-09T08:52:26","modified_gmt":"2025-07-09T08:52:26","slug":"activitats-del-mes-de-novembre-2","status":"publish","type":"post","link":"https:\/\/www.aula-ee.com\/es\/activitats-del-mes-de-novembre-2\/","title":{"rendered":"Actividades del mes de noviembre"},"content":{"rendered":"<p>Aqu\u00ed pueden consultar todas las actividades complementarias del mes de <strong>noviembre <\/strong><strong>de 2019.<\/strong><\/p>\n<table style=\"border-collapse: collapse; width: 100%;\">\n<tbody>\n<tr>\n<td style=\"width: 12.2285%; text-align: center; vertical-align: middle;\">1 (viernes)<\/td>\n<td style=\"width: 87.6298%;\" width=\"532\"><strong>Fiesta oficial.<\/strong><\/td>\n<\/tr>\n<tr>\n<td style=\"width: 12.2285%; text-align: center; vertical-align: middle;\">4 (lunes)<\/td>\n<td style=\"width: 87.6298%;\"><strong>\u201cCampa\u00f1a de ropa usada\u201d.<\/strong><\/p>\n<p><strong>Servicio a la comunidad: Presentaci\u00f3n del Centro Sociosanitario de Esplugues.<\/strong> Sra. Laura Fern\u00e1ndez, Coordinadora del Hospital de D\u00eda. \u00c0gora A, E e I. A las 11h.<\/p>\n<p><strong>Visita al Museo Egipcio: Visita guiada y taller de escritura jerogl\u00edfica. <\/strong>Grupo Crescendo I. Sra. Angelet y Sr. Buruaga. Ma\u00f1ana. Autocar.<\/p>\n<p><strong>Salida convivencia al \u201cMol\u00ed de la Riera\u201d de Sant Pere de Torell\u00f3.<\/strong> Grupo PII E. Sras. Mart\u00ednez y Massana. Salida a las 9h; vuelta mi\u00e9rcoles 6 por la tarde. Autocar.<\/td>\n<\/tr>\n<tr>\n<td style=\"width: 12.2285%; text-align: center; vertical-align: middle;\">5 (martes)<\/td>\n<td style=\"width: 87.6298%;\"><strong>\u201cCampa\u00f1a de ropa usada\u201d.<\/strong><\/p>\n<p><strong>Visita al Jard\u00edn Bot\u00e1nico Marimurtra de Blanes.<\/strong> Grupos PIII A, E y B. Sras. Estrada, Ferrer y Pena y Sr. Balcells. Todo el d\u00eda. Autocar.<\/p>\n<p><strong>Salida a la Jardineria Bordas de Gav\u00e0: \u201cTenim cura de les plantes\u201d.<\/strong> Grupos J3 A i E. Todo el d\u00eda. Autocar. (Salida aplazada del mes de octubre).<\/p>\n<p><strong>Reuni\u00f3n de profesores y padres<\/strong> de alumnos de los grupos de PV. A las 19h.<\/td>\n<\/tr>\n<tr>\n<td style=\"width: 12.2285%; text-align: center; vertical-align: middle;\">6 (mi\u00e9rcoles)<\/td>\n<td style=\"width: 87.6298%;\"><strong>Visita al Barcelona Supercomputing Center en el Campus Nord de la UPC.<\/strong> Alumnos de Computer Science de Sophie Germain y Darwin. Sres. Losantos, Paytubi y Alemany. Tarde.<\/td>\n<\/tr>\n<tr>\n<td style=\"width: 12.2285%; text-align: center; vertical-align: middle;\">7 (jueves)<\/td>\n<td style=\"width: 87.6298%;\"><strong>Servicio a la comunidad<\/strong><strong>: Presentaci\u00f3n de los Centros de Servicios Sociales para personas sin hogar. <\/strong>Sra. Noem\u00ed Pes de l\u2019Obra Social de Sant Joan de D\u00e9u. \u00c0gora A, E e I. A las 11h.<\/p>\n<p><strong>Salida al teatro Akad\u00e8mica: \u201cRomeo y Julieta\u201d de W. Shakespeare.<\/strong> Grupps \u00c0gora A, E e I. Sras. Cals y Domingo. A las 20.30h.<\/p>\n<p><strong>Salida al Poble Espanyol: \u201cFem cer\u00e0mica\u201d.<\/strong> Grupo J4 A. Ma\u00f1ana. Autocar.<\/p>\n<p><strong>Apadrinamiento de los alumnos de J3 A, E y B<\/strong> por parte de los alumnos de PIV. Ma\u00f1ana.<\/p>\n<p><strong>Reuni\u00f3n de profesores y padres<\/strong> de alumnos de la Promoci\u00f3n Crescendo. A las 19h.<\/td>\n<\/tr>\n<tr>\n<td style=\"width: 12.2285%; text-align: center; vertical-align: middle;\">11 (lunes)<\/td>\n<td style=\"width: 87.6298%;\"><strong>Ciclo de Historia IV: \u201cCatalunya romana I: visita a T\u00e0rraco\u201d.<\/strong> Grupo PV A. Sra. Clariana y Sr. Balcells. Todo el d\u00eda. Autocar.<\/td>\n<\/tr>\n<tr>\n<td style=\"width: 12.2285%; text-align: center; vertical-align: middle;\">12 (martes)<\/td>\n<td style=\"width: 87.6298%;\"><strong>Salida a l\u2019Auditori dmusics: \u201cTerra a la vista\u201d.<\/strong> Grupos PII A, E y B. SrAs. \u00c1lvarez, Cairol Y Mart\u00ednez. Ma\u00f1ana. Autocar.<\/p>\n<p><strong>Salida a Sant Antoni de Vilamajor: \u201cEl petit bosc dels castanyers\u201d.<\/strong>\u00a0 Grupos PI A, E y B. Sras. Antequera, Gomariz, Guillamon y Sams\u00f3. Todo el d\u00eda. Autocar.<\/p>\n<p><strong>Salida al MNAC: \u201cDescobrim el rom\u00e0nic. So i color\u201d.<\/strong> Grupo J5 B. Ma\u00f1ana. Autocar.<\/p>\n<p><strong>Reuni\u00f3n de profesores y padres<\/strong> de alumnos de la Promoci\u00f3n \u00c0gora. A las 19h.<\/td>\n<\/tr>\n<tr>\n<td style=\"width: 12.2285%; text-align: center; vertical-align: middle;\">13(mi\u00e9rcoles)<\/td>\n<td style=\"width: 87.6298%;\"><strong>Salida al MNAC: \u201cFons de Renaixement i Barroc\u201d y Caixaforum: \u201c\u00d2pera: Passi\u00f3, poder i pol\u00edtica\u201d. <\/strong>Grupos Lumine A, E e I. Sra. Ventura y Srys. Buruaga y Leguizamon. Ma\u00f1ana. Autocar.<\/td>\n<\/tr>\n<tr>\n<td style=\"width: 12.2285%; text-align: center; vertical-align: middle;\">14 (jueves)<\/td>\n<td style=\"width: 87.6298%;\"><strong>Ciclo de Historia IV: \u201cCatalunya romana I: visita a T\u00e0rraco\u201d<\/strong>. Grupo PV E. Sra. Santiago y Sr. Balcells. Todo el d\u00eda. Autocar.<\/p>\n<p><strong>Salida al Poble Espanyol: \u201cFem cer\u00e0mica\u201d<\/strong>. Grupo J4 E. Ma\u00f1ana. Autocar.<\/td>\n<\/tr>\n<tr>\n<td style=\"width: 12.2285%; text-align: center; vertical-align: middle;\">15 (viernes)<\/td>\n<td style=\"width: 87.6298%;\"><strong>Conferencia del Doctor Joan Seoane, <\/strong>profesor de ICREA. Director del co-Program Preclinical and Translational Research del Vall d\u2019Hebron Institute of Oncology. Antiguo alumno de Aula, promoci\u00f3n Migjorn. <strong>\u201cUna carrera cient\u00edfica en la lluita contra el c\u00e0ncer\u201d<\/strong>. Grups Sophie Germain y Darwin. A las 11h.<\/p>\n<p><strong>Salida a la Fundaci\u00f3n Foto Colectania: Exposici\u00f3n \u201cLA MOVIDA. Cr\u00f3nica de una agitaci\u00f3n\u201d. <\/strong>Alumnos de Practicum de Arte de la promoci\u00f3n Darwin. Sra. Angelet y Sra. Mu\u00f1oz. Tarde.<\/p>\n<p><strong>Ciclo de Historia IV: \u201cCatalunya romana I: visita a T\u00e0rraco\u201d.<\/strong> Grup PV I. Sra. Vald\u00e9s y Sr. Balcells. Todo el d\u00eda. Autocar.<\/td>\n<\/tr>\n<tr>\n<td style=\"width: 12.2285%; text-align: center; vertical-align: middle;\" width=\"140\">&nbsp;<\/p>\n<p>18 (lunes)<\/td>\n<td style=\"width: 87.6298%;\"><strong>\u201cEl meu primer Festival\u201d. <\/strong>Grupos PIII A, E y B. Sras. Estrada, Ferrer y Pena y Sr. Balcells. Ma\u00f1ana. Autocar.<\/td>\n<\/tr>\n<tr>\n<td style=\"width: 12.2285%; text-align: center; vertical-align: middle;\" width=\"140\">19 (martes)<\/td>\n<td style=\"width: 87.6298%;\"><strong>Reuni\u00f3n de profesores y padres<\/strong> de alumnos de la Promoci\u00f3n Lumine. A las 19h.<\/td>\n<\/tr>\n<tr>\n<td style=\"width: 12.2285%; text-align: center; vertical-align: middle;\" width=\"140\">21 (jueves)<\/td>\n<td style=\"width: 87.6298%;\"><strong>Salida al Poble Espanyol: \u201cFem cer\u00e0mica\u201d.<\/strong> Grupo J4 B. Ma\u00f1ana. Autocar.<\/p>\n<p><strong>Reuni\u00f3n de profesores y padres<\/strong> de alumnos de los grupos de J4. A las 19h.<\/td>\n<\/tr>\n<tr>\n<td style=\"width: 12.2285%; text-align: center; vertical-align: middle;\" width=\"140\">22 (viernes)<\/td>\n<td style=\"width: 87.6298%;\"><strong>Salida a Moi\u00e0.<\/strong> <strong>Can Vilalta: taller de la \u201cvareta m\u00e0gica\u201d<\/strong>. Grupos J3 A, E y B. Todo el d\u00eda. Autocar.<\/p>\n<p><strong>Tarde de juegos<\/strong>. Grupos PI A, E y B. En la escuela.<\/td>\n<\/tr>\n<tr>\n<td style=\"width: 12.2285%; text-align: center; vertical-align: middle;\" width=\"140\">26 (martes)<\/td>\n<td style=\"width: 87.6298%;\"><strong>Ciclo de Historia V: \u201cLa Catalunya romana II. Barcino\u201d.<\/strong> Grupo PV A. Sra. Clariana y Sr. Balcells. Ma\u00f1ana. Autocar.<\/p>\n<p><strong>Reuni\u00f3n de profesores y padres<\/strong> de alumnos de los grupos de J5. A las 19h.<\/td>\n<\/tr>\n<tr>\n<td style=\"width: 12.2285%; text-align: center; vertical-align: middle;\" width=\"140\">28 (jueves)<\/td>\n<td style=\"width: 87.6298%;\"><strong>Salida al MNAC: \u201cDescobrim el rom\u00e0nic. So i color\u201d.<\/strong> Grupos J5 A y E. Ma\u00f1ana. Autocar.<\/p>\n<p><strong>Ciclo de Historia V: \u201cLa Catalunya romana II. Barcino\u201d.<\/strong> Grupo PV E. Sra. Santiago y\u00a0 Sr. Balcells. Ma\u00f1ana. Autocar.<\/td>\n<\/tr>\n<tr>\n<td style=\"width: 12.2285%; text-align: center; vertical-align: middle;\" width=\"140\">29 (viernes)<\/td>\n<td style=\"width: 87.6298%;\"><strong>Ciclo de Historia V: \u201cLa Catalunya romana II. Barcino\u201d.<\/strong> Grupo PV I. Sra. Vald\u00e9s y Sr. Balcells. Ma\u00f1ana. Autocar.<\/p>\n<p><strong>Salida a Cardona: \u201cParc Cultural de la Muntanya de Sal\u201d.<\/strong> Grupos PIV A, E y B. Sras. Mart\u00edn, Mitjans y Serradell. Todo el d\u00eda. Autocar.<\/p>\n<p><strong>Salida a Can Vilalta.<\/strong> Grupos J3 A, E y B. Todo el d\u00eda. Autocar<\/td>\n<\/tr>\n<\/tbody>\n<\/table>\n","protected":false},"excerpt":{"rendered":"<p>Aqu\u00ed pueden consultar todas las actividades complementarias del mes de noviembre de 2019. 1 (viernes) Fiesta oficial. 4 (lunes) \u201cCampa\u00f1a de ropa usada\u201d. Servicio a la comunidad: Presentaci\u00f3n del Centro &hellip;<\/p>\n","protected":false},"author":1,"featured_media":9550,"comment_status":"closed","ping_status":"closed","sticky":false,"template":"","format":"standard","meta":{"_acf_changed":false,"footnotes":""},"categories":[122],"tags":[422],"class_list":["post-13836","post","type-post","status-publish","format-standard","has-post-thumbnail","hentry","category-sobre-la-escuela","tag-activitats-del-mes-es"],"acf":[],"yoast_head":"<!-- This site is optimized with the Yoast SEO plugin v27.2 - https:\/\/yoast.com\/product\/yoast-seo-wordpress\/ -->\n<title>Actividades del mes de noviembre - Aula Escola Europea<\/title>\n<meta name=\"description\" content=\"Aqu\u00ed pueden consultar todas las actividades complementarias del mes de noviembre de 2019. 1 (viernes) Fiesta oficial. 4 (lunes) \u201cCampa\u00f1a de ropa usada\u201d.\" \/>\n<meta name=\"robots\" content=\"index, follow, max-snippet:-1, max-image-preview:large, max-video-preview:-1\" \/>\n<link rel=\"canonical\" href=\"https:\/\/www.aula-ee.com\/es\/activitats-del-mes-de-novembre-2\/\" \/>\n<meta property=\"og:locale\" content=\"es_ES\" \/>\n<meta property=\"og:type\" content=\"article\" \/>\n<meta property=\"og:title\" content=\"Actividades del mes de noviembre - Aula Escola Europea\" \/>\n<meta property=\"og:description\" content=\"Aqu\u00ed pueden consultar todas las actividades complementarias del mes de noviembre de 2019. 1 (viernes) Fiesta oficial. 4 (lunes) \u201cCampa\u00f1a de ropa usada\u201d.\" \/>\n<meta property=\"og:url\" content=\"https:\/\/www.aula-ee.com\/es\/activitats-del-mes-de-novembre-2\/\" \/>\n<meta property=\"og:site_name\" content=\"Aula Escola Europea\" \/>\n<meta property=\"article:published_time\" content=\"2019-10-30T14:29:45+00:00\" \/>\n<meta property=\"article:modified_time\" content=\"2025-07-09T08:52:26+00:00\" \/>\n<meta property=\"og:image\" content=\"https:\/\/www.aula-ee.com\/wp-content\/uploads\/img_5773.jpg\" \/>\n\t<meta property=\"og:image:width\" content=\"640\" \/>\n\t<meta property=\"og:image:height\" content=\"480\" \/>\n\t<meta property=\"og:image:type\" content=\"image\/jpeg\" \/>\n<meta name=\"author\" content=\"emfasi\" \/>\n<meta name=\"twitter:card\" content=\"summary_large_image\" \/>\n<meta name=\"twitter:label1\" content=\"Escrito por\" \/>\n\t<meta name=\"twitter:data1\" content=\"emfasi\" \/>\n\t<meta name=\"twitter:label2\" content=\"Tiempo de lectura\" \/>\n\t<meta name=\"twitter:data2\" content=\"4 minutos\" \/>\n<script type=\"application\/ld+json\" class=\"yoast-schema-graph\">{\"@context\":\"https:\/\/schema.org\",\"@graph\":[{\"@type\":\"Article\",\"@id\":\"https:\/\/www.aula-ee.com\/es\/activitats-del-mes-de-novembre-2\/#article\",\"isPartOf\":{\"@id\":\"https:\/\/www.aula-ee.com\/es\/activitats-del-mes-de-novembre-2\/\"},\"author\":{\"name\":\"emfasi\",\"@id\":\"https:\/\/www.aula-ee.com\/es\/#\/schema\/person\/486d90a2a90d8f19d8cb0d7eea56589f\"},\"headline\":\"Actividades del mes de noviembre\",\"datePublished\":\"2019-10-30T14:29:45+00:00\",\"dateModified\":\"2025-07-09T08:52:26+00:00\",\"mainEntityOfPage\":{\"@id\":\"https:\/\/www.aula-ee.com\/es\/activitats-del-mes-de-novembre-2\/\"},\"wordCount\":861,\"publisher\":{\"@id\":\"https:\/\/www.aula-ee.com\/es\/#organization\"},\"image\":{\"@id\":\"https:\/\/www.aula-ee.com\/es\/activitats-del-mes-de-novembre-2\/#primaryimage\"},\"thumbnailUrl\":\"https:\/\/www.aula-ee.com\/wp-content\/uploads\/img_5773.jpg\",\"keywords\":[\"Activitats del mes\"],\"articleSection\":[\"Sobre la escuela\"],\"inLanguage\":\"es\"},{\"@type\":\"WebPage\",\"@id\":\"https:\/\/www.aula-ee.com\/es\/activitats-del-mes-de-novembre-2\/\",\"url\":\"https:\/\/www.aula-ee.com\/es\/activitats-del-mes-de-novembre-2\/\",\"name\":\"Actividades del mes de noviembre - Aula Escola Europea\",\"isPartOf\":{\"@id\":\"https:\/\/www.aula-ee.com\/es\/#website\"},\"primaryImageOfPage\":{\"@id\":\"https:\/\/www.aula-ee.com\/es\/activitats-del-mes-de-novembre-2\/#primaryimage\"},\"image\":{\"@id\":\"https:\/\/www.aula-ee.com\/es\/activitats-del-mes-de-novembre-2\/#primaryimage\"},\"thumbnailUrl\":\"https:\/\/www.aula-ee.com\/wp-content\/uploads\/img_5773.jpg\",\"datePublished\":\"2019-10-30T14:29:45+00:00\",\"dateModified\":\"2025-07-09T08:52:26+00:00\",\"description\":\"Aqu\u00ed pueden consultar todas las actividades complementarias del mes de noviembre de 2019. 1 (viernes) Fiesta oficial. 4 (lunes) \u201cCampa\u00f1a de ropa usada\u201d.\",\"breadcrumb\":{\"@id\":\"https:\/\/www.aula-ee.com\/es\/activitats-del-mes-de-novembre-2\/#breadcrumb\"},\"inLanguage\":\"es\",\"potentialAction\":[{\"@type\":\"ReadAction\",\"target\":[\"https:\/\/www.aula-ee.com\/es\/activitats-del-mes-de-novembre-2\/\"]}]},{\"@type\":\"ImageObject\",\"inLanguage\":\"es\",\"@id\":\"https:\/\/www.aula-ee.com\/es\/activitats-del-mes-de-novembre-2\/#primaryimage\",\"url\":\"https:\/\/www.aula-ee.com\/wp-content\/uploads\/img_5773.jpg\",\"contentUrl\":\"https:\/\/www.aula-ee.com\/wp-content\/uploads\/img_5773.jpg\",\"width\":640,\"height\":480,\"caption\":\"Activitats del mes de setembre\"},{\"@type\":\"BreadcrumbList\",\"@id\":\"https:\/\/www.aula-ee.com\/es\/activitats-del-mes-de-novembre-2\/#breadcrumb\",\"itemListElement\":[{\"@type\":\"ListItem\",\"position\":1,\"name\":\"Portada\",\"item\":\"https:\/\/www.aula-ee.com\/es\/\"},{\"@type\":\"ListItem\",\"position\":2,\"name\":\"Actividades del mes de noviembre\"}]},{\"@type\":\"WebSite\",\"@id\":\"https:\/\/www.aula-ee.com\/es\/#website\",\"url\":\"https:\/\/www.aula-ee.com\/es\/\",\"name\":\"Aula Escola Europea\",\"description\":\"\",\"publisher\":{\"@id\":\"https:\/\/www.aula-ee.com\/es\/#organization\"},\"potentialAction\":[{\"@type\":\"SearchAction\",\"target\":{\"@type\":\"EntryPoint\",\"urlTemplate\":\"https:\/\/www.aula-ee.com\/es\/?s={search_term_string}\"},\"query-input\":{\"@type\":\"PropertyValueSpecification\",\"valueRequired\":true,\"valueName\":\"search_term_string\"}}],\"inLanguage\":\"es\"},{\"@type\":\"Organization\",\"@id\":\"https:\/\/www.aula-ee.com\/es\/#organization\",\"name\":\"Aula Escola Europea\",\"url\":\"https:\/\/www.aula-ee.com\/es\/\",\"logo\":{\"@type\":\"ImageObject\",\"inLanguage\":\"es\",\"@id\":\"https:\/\/www.aula-ee.com\/es\/#\/schema\/logo\/image\/\",\"url\":\"https:\/\/www.aula-ee.com\/wp-content\/uploads\/logo-aula-ee.png\",\"contentUrl\":\"https:\/\/www.aula-ee.com\/wp-content\/uploads\/logo-aula-ee.png\",\"width\":588,\"height\":108,\"caption\":\"Aula Escola Europea\"},\"image\":{\"@id\":\"https:\/\/www.aula-ee.com\/es\/#\/schema\/logo\/image\/\"}},{\"@type\":\"Person\",\"@id\":\"https:\/\/www.aula-ee.com\/es\/#\/schema\/person\/486d90a2a90d8f19d8cb0d7eea56589f\",\"name\":\"emfasi\",\"sameAs\":[\"https:\/\/www.aula-ee.com\"],\"url\":\"https:\/\/www.aula-ee.com\/es\/author\/emfasi\/\"}]}<\/script>\n<!-- \/ Yoast SEO plugin. -->","yoast_head_json":{"title":"Actividades del mes de noviembre - Aula Escola Europea","description":"Aqu\u00ed pueden consultar todas las actividades complementarias del mes de noviembre de 2019. 1 (viernes) Fiesta oficial. 4 (lunes) \u201cCampa\u00f1a de ropa usada\u201d.","robots":{"index":"index","follow":"follow","max-snippet":"max-snippet:-1","max-image-preview":"max-image-preview:large","max-video-preview":"max-video-preview:-1"},"canonical":"https:\/\/www.aula-ee.com\/es\/activitats-del-mes-de-novembre-2\/","og_locale":"es_ES","og_type":"article","og_title":"Actividades del mes de noviembre - Aula Escola Europea","og_description":"Aqu\u00ed pueden consultar todas las actividades complementarias del mes de noviembre de 2019. 1 (viernes) Fiesta oficial. 4 (lunes) \u201cCampa\u00f1a de ropa usada\u201d.","og_url":"https:\/\/www.aula-ee.com\/es\/activitats-del-mes-de-novembre-2\/","og_site_name":"Aula Escola Europea","article_published_time":"2019-10-30T14:29:45+00:00","article_modified_time":"2025-07-09T08:52:26+00:00","og_image":[{"width":640,"height":480,"url":"https:\/\/www.aula-ee.com\/wp-content\/uploads\/img_5773.jpg","type":"image\/jpeg"}],"author":"emfasi","twitter_card":"summary_large_image","twitter_misc":{"Escrito por":"emfasi","Tiempo de lectura":"4 minutos"},"schema":{"@context":"https:\/\/schema.org","@graph":[{"@type":"Article","@id":"https:\/\/www.aula-ee.com\/es\/activitats-del-mes-de-novembre-2\/#article","isPartOf":{"@id":"https:\/\/www.aula-ee.com\/es\/activitats-del-mes-de-novembre-2\/"},"author":{"name":"emfasi","@id":"https:\/\/www.aula-ee.com\/es\/#\/schema\/person\/486d90a2a90d8f19d8cb0d7eea56589f"},"headline":"Actividades del mes de noviembre","datePublished":"2019-10-30T14:29:45+00:00","dateModified":"2025-07-09T08:52:26+00:00","mainEntityOfPage":{"@id":"https:\/\/www.aula-ee.com\/es\/activitats-del-mes-de-novembre-2\/"},"wordCount":861,"publisher":{"@id":"https:\/\/www.aula-ee.com\/es\/#organization"},"image":{"@id":"https:\/\/www.aula-ee.com\/es\/activitats-del-mes-de-novembre-2\/#primaryimage"},"thumbnailUrl":"https:\/\/www.aula-ee.com\/wp-content\/uploads\/img_5773.jpg","keywords":["Activitats del mes"],"articleSection":["Sobre la escuela"],"inLanguage":"es"},{"@type":"WebPage","@id":"https:\/\/www.aula-ee.com\/es\/activitats-del-mes-de-novembre-2\/","url":"https:\/\/www.aula-ee.com\/es\/activitats-del-mes-de-novembre-2\/","name":"Actividades del mes de noviembre - Aula Escola Europea","isPartOf":{"@id":"https:\/\/www.aula-ee.com\/es\/#website"},"primaryImageOfPage":{"@id":"https:\/\/www.aula-ee.com\/es\/activitats-del-mes-de-novembre-2\/#primaryimage"},"image":{"@id":"https:\/\/www.aula-ee.com\/es\/activitats-del-mes-de-novembre-2\/#primaryimage"},"thumbnailUrl":"https:\/\/www.aula-ee.com\/wp-content\/uploads\/img_5773.jpg","datePublished":"2019-10-30T14:29:45+00:00","dateModified":"2025-07-09T08:52:26+00:00","description":"Aqu\u00ed pueden consultar todas las actividades complementarias del mes de noviembre de 2019. 1 (viernes) Fiesta oficial. 4 (lunes) \u201cCampa\u00f1a de ropa usada\u201d.","breadcrumb":{"@id":"https:\/\/www.aula-ee.com\/es\/activitats-del-mes-de-novembre-2\/#breadcrumb"},"inLanguage":"es","potentialAction":[{"@type":"ReadAction","target":["https:\/\/www.aula-ee.com\/es\/activitats-del-mes-de-novembre-2\/"]}]},{"@type":"ImageObject","inLanguage":"es","@id":"https:\/\/www.aula-ee.com\/es\/activitats-del-mes-de-novembre-2\/#primaryimage","url":"https:\/\/www.aula-ee.com\/wp-content\/uploads\/img_5773.jpg","contentUrl":"https:\/\/www.aula-ee.com\/wp-content\/uploads\/img_5773.jpg","width":640,"height":480,"caption":"Activitats del mes de setembre"},{"@type":"BreadcrumbList","@id":"https:\/\/www.aula-ee.com\/es\/activitats-del-mes-de-novembre-2\/#breadcrumb","itemListElement":[{"@type":"ListItem","position":1,"name":"Portada","item":"https:\/\/www.aula-ee.com\/es\/"},{"@type":"ListItem","position":2,"name":"Actividades del mes de noviembre"}]},{"@type":"WebSite","@id":"https:\/\/www.aula-ee.com\/es\/#website","url":"https:\/\/www.aula-ee.com\/es\/","name":"Aula Escola Europea","description":"","publisher":{"@id":"https:\/\/www.aula-ee.com\/es\/#organization"},"potentialAction":[{"@type":"SearchAction","target":{"@type":"EntryPoint","urlTemplate":"https:\/\/www.aula-ee.com\/es\/?s={search_term_string}"},"query-input":{"@type":"PropertyValueSpecification","valueRequired":true,"valueName":"search_term_string"}}],"inLanguage":"es"},{"@type":"Organization","@id":"https:\/\/www.aula-ee.com\/es\/#organization","name":"Aula Escola Europea","url":"https:\/\/www.aula-ee.com\/es\/","logo":{"@type":"ImageObject","inLanguage":"es","@id":"https:\/\/www.aula-ee.com\/es\/#\/schema\/logo\/image\/","url":"https:\/\/www.aula-ee.com\/wp-content\/uploads\/logo-aula-ee.png","contentUrl":"https:\/\/www.aula-ee.com\/wp-content\/uploads\/logo-aula-ee.png","width":588,"height":108,"caption":"Aula Escola Europea"},"image":{"@id":"https:\/\/www.aula-ee.com\/es\/#\/schema\/logo\/image\/"}},{"@type":"Person","@id":"https:\/\/www.aula-ee.com\/es\/#\/schema\/person\/486d90a2a90d8f19d8cb0d7eea56589f","name":"emfasi","sameAs":["https:\/\/www.aula-ee.com"],"url":"https:\/\/www.aula-ee.com\/es\/author\/emfasi\/"}]}},"_links":{"self":[{"href":"https:\/\/www.aula-ee.com\/es\/wp-json\/wp\/v2\/posts\/13836","targetHints":{"allow":["GET"]}}],"collection":[{"href":"https:\/\/www.aula-ee.com\/es\/wp-json\/wp\/v2\/posts"}],"about":[{"href":"https:\/\/www.aula-ee.com\/es\/wp-json\/wp\/v2\/types\/post"}],"author":[{"embeddable":true,"href":"https:\/\/www.aula-ee.com\/es\/wp-json\/wp\/v2\/users\/1"}],"replies":[{"embeddable":true,"href":"https:\/\/www.aula-ee.com\/es\/wp-json\/wp\/v2\/comments?post=13836"}],"version-history":[{"count":0,"href":"https:\/\/www.aula-ee.com\/es\/wp-json\/wp\/v2\/posts\/13836\/revisions"}],"wp:featuredmedia":[{"embeddable":true,"href":"https:\/\/www.aula-ee.com\/es\/wp-json\/wp\/v2\/media\/9550"}],"wp:attachment":[{"href":"https:\/\/www.aula-ee.com\/es\/wp-json\/wp\/v2\/media?parent=13836"}],"wp:term":[{"taxonomy":"category","embeddable":true,"href":"https:\/\/www.aula-ee.com\/es\/wp-json\/wp\/v2\/categories?post=13836"},{"taxonomy":"post_tag","embeddable":true,"href":"https:\/\/www.aula-ee.com\/es\/wp-json\/wp\/v2\/tags?post=13836"}],"curies":[{"name":"wp","href":"https:\/\/api.w.org\/{rel}","templated":true}]}}