{"id":13988,"date":"2020-04-27T13:01:45","date_gmt":"2020-04-27T13:01:45","guid":{"rendered":"https:\/\/www.aula-ee.com\/dues-alumnes-de-batxillerat-finalistes-al-xx-concurs-de-traduccio-de-la-upf\/"},"modified":"2025-07-09T08:55:16","modified_gmt":"2025-07-09T08:55:16","slug":"dues-alumnes-de-batxillerat-finalistes-al-xx-concurs-de-traduccio-de-la-upf","status":"publish","type":"post","link":"https:\/\/www.aula-ee.com\/es\/dues-alumnes-de-batxillerat-finalistes-al-xx-concurs-de-traduccio-de-la-upf\/","title":{"rendered":"Dos alumnas de bachillerato finalistas en el XX Concurso de Traducci\u00f3n de la UPF"},"content":{"rendered":"<p>Laia Folch y Emma Fuente de la promoci\u00f3n Sophie Germain se han clasificado como finalistas en el XX Concurso de Traducci\u00f3n de la UPF concursando en la modalidad de Franc\u00e9s &#8211; Catal\u00e1n.<\/p>\n<p>\u00a1El d\u00eda 8 de mayo sabremos si una de ellas es la ganadora!<\/p>\n<p><img loading=\"lazy\" decoding=\"async\" class=\"wp-image-119079 aligncenter\" src=\"https:\/\/www.aula-ee.com\/wp-content\/uploads\/xx-concurs-2020.png\" alt=\"\" width=\"358\" height=\"212\" \/><\/p>\n","protected":false},"excerpt":{"rendered":"<p>Laia Folch y Emma Fuente de la promoci\u00f3n Sophie Germain se han clasificado como finalistas en el XX Concurso de Traducci\u00f3n de la UPF concursando en la modalidad de Franc\u00e9s &hellip;<\/p>\n","protected":false},"author":4,"featured_media":11289,"comment_status":"closed","ping_status":"closed","sticky":false,"template":"","format":"standard","meta":{"_acf_changed":false,"footnotes":""},"categories":[124],"tags":[],"class_list":["post-13988","post","type-post","status-publish","format-standard","has-post-thumbnail","hentry","category-bachillerato"],"acf":[],"yoast_head":"<!-- This site is optimized with the Yoast SEO plugin v27.2 - https:\/\/yoast.com\/product\/yoast-seo-wordpress\/ -->\n<title>Dos alumnas de bachillerato finalistas en el XX Concurso de Traducci\u00f3n de la UPF - Aula Escola Europea<\/title>\n<meta name=\"description\" content=\"Laia Folch y Emma Fuente de la promoci\u00f3n Sophie Germain se han clasificado como finalistas en el XX Concurso de Traducci\u00f3n de la UPF concursando en la\" \/>\n<meta name=\"robots\" content=\"index, follow, max-snippet:-1, max-image-preview:large, max-video-preview:-1\" \/>\n<link rel=\"canonical\" href=\"https:\/\/www.aula-ee.com\/es\/dues-alumnes-de-batxillerat-finalistes-al-xx-concurs-de-traduccio-de-la-upf\/\" \/>\n<meta property=\"og:locale\" content=\"es_ES\" \/>\n<meta property=\"og:type\" content=\"article\" \/>\n<meta property=\"og:title\" content=\"Dos alumnas de bachillerato finalistas en el XX Concurso de Traducci\u00f3n de la UPF - Aula Escola Europea\" \/>\n<meta property=\"og:description\" content=\"Laia Folch y Emma Fuente de la promoci\u00f3n Sophie Germain se han clasificado como finalistas en el XX Concurso de Traducci\u00f3n de la UPF concursando en la\" \/>\n<meta property=\"og:url\" content=\"https:\/\/www.aula-ee.com\/es\/dues-alumnes-de-batxillerat-finalistes-al-xx-concurs-de-traduccio-de-la-upf\/\" \/>\n<meta property=\"og:site_name\" content=\"Aula Escola Europea\" \/>\n<meta property=\"article:published_time\" content=\"2020-04-27T13:01:45+00:00\" \/>\n<meta property=\"article:modified_time\" content=\"2025-07-09T08:55:16+00:00\" \/>\n<meta property=\"og:image\" content=\"https:\/\/www.aula-ee.com\/wp-content\/uploads\/xx-concurs-2020-1.png\" \/>\n\t<meta property=\"og:image:width\" content=\"1280\" \/>\n\t<meta property=\"og:image:height\" content=\"758\" \/>\n\t<meta property=\"og:image:type\" content=\"image\/png\" \/>\n<meta name=\"author\" content=\"Jacobo Vilella\" \/>\n<meta name=\"twitter:card\" content=\"summary_large_image\" \/>\n<meta name=\"twitter:label1\" content=\"Escrito por\" \/>\n\t<meta name=\"twitter:data1\" content=\"Jacobo Vilella\" \/>\n<script type=\"application\/ld+json\" class=\"yoast-schema-graph\">{\"@context\":\"https:\/\/schema.org\",\"@graph\":[{\"@type\":\"Article\",\"@id\":\"https:\/\/www.aula-ee.com\/es\/dues-alumnes-de-batxillerat-finalistes-al-xx-concurs-de-traduccio-de-la-upf\/#article\",\"isPartOf\":{\"@id\":\"https:\/\/www.aula-ee.com\/es\/dues-alumnes-de-batxillerat-finalistes-al-xx-concurs-de-traduccio-de-la-upf\/\"},\"author\":{\"name\":\"Jacobo Vilella\",\"@id\":\"https:\/\/www.aula-ee.com\/es\/#\/schema\/person\/c0515b0fb81af36b0b8e08028bcc2495\"},\"headline\":\"Dos alumnas de bachillerato finalistas en el XX Concurso de Traducci\u00f3n de la UPF\",\"datePublished\":\"2020-04-27T13:01:45+00:00\",\"dateModified\":\"2025-07-09T08:55:16+00:00\",\"mainEntityOfPage\":{\"@id\":\"https:\/\/www.aula-ee.com\/es\/dues-alumnes-de-batxillerat-finalistes-al-xx-concurs-de-traduccio-de-la-upf\/\"},\"wordCount\":64,\"publisher\":{\"@id\":\"https:\/\/www.aula-ee.com\/es\/#organization\"},\"image\":{\"@id\":\"https:\/\/www.aula-ee.com\/es\/dues-alumnes-de-batxillerat-finalistes-al-xx-concurs-de-traduccio-de-la-upf\/#primaryimage\"},\"thumbnailUrl\":\"https:\/\/www.aula-ee.com\/wp-content\/uploads\/xx-concurs-2020-1.png\",\"articleSection\":[\"Bachillerato\"],\"inLanguage\":\"es\"},{\"@type\":\"WebPage\",\"@id\":\"https:\/\/www.aula-ee.com\/es\/dues-alumnes-de-batxillerat-finalistes-al-xx-concurs-de-traduccio-de-la-upf\/\",\"url\":\"https:\/\/www.aula-ee.com\/es\/dues-alumnes-de-batxillerat-finalistes-al-xx-concurs-de-traduccio-de-la-upf\/\",\"name\":\"Dos alumnas de bachillerato finalistas en el XX Concurso de Traducci\u00f3n de la UPF - Aula Escola Europea\",\"isPartOf\":{\"@id\":\"https:\/\/www.aula-ee.com\/es\/#website\"},\"primaryImageOfPage\":{\"@id\":\"https:\/\/www.aula-ee.com\/es\/dues-alumnes-de-batxillerat-finalistes-al-xx-concurs-de-traduccio-de-la-upf\/#primaryimage\"},\"image\":{\"@id\":\"https:\/\/www.aula-ee.com\/es\/dues-alumnes-de-batxillerat-finalistes-al-xx-concurs-de-traduccio-de-la-upf\/#primaryimage\"},\"thumbnailUrl\":\"https:\/\/www.aula-ee.com\/wp-content\/uploads\/xx-concurs-2020-1.png\",\"datePublished\":\"2020-04-27T13:01:45+00:00\",\"dateModified\":\"2025-07-09T08:55:16+00:00\",\"description\":\"Laia Folch y Emma Fuente de la promoci\u00f3n Sophie Germain se han clasificado como finalistas en el XX Concurso de Traducci\u00f3n de la UPF concursando en la\",\"breadcrumb\":{\"@id\":\"https:\/\/www.aula-ee.com\/es\/dues-alumnes-de-batxillerat-finalistes-al-xx-concurs-de-traduccio-de-la-upf\/#breadcrumb\"},\"inLanguage\":\"es\",\"potentialAction\":[{\"@type\":\"ReadAction\",\"target\":[\"https:\/\/www.aula-ee.com\/es\/dues-alumnes-de-batxillerat-finalistes-al-xx-concurs-de-traduccio-de-la-upf\/\"]}]},{\"@type\":\"ImageObject\",\"inLanguage\":\"es\",\"@id\":\"https:\/\/www.aula-ee.com\/es\/dues-alumnes-de-batxillerat-finalistes-al-xx-concurs-de-traduccio-de-la-upf\/#primaryimage\",\"url\":\"https:\/\/www.aula-ee.com\/wp-content\/uploads\/xx-concurs-2020-1.png\",\"contentUrl\":\"https:\/\/www.aula-ee.com\/wp-content\/uploads\/xx-concurs-2020-1.png\",\"width\":1280,\"height\":758},{\"@type\":\"BreadcrumbList\",\"@id\":\"https:\/\/www.aula-ee.com\/es\/dues-alumnes-de-batxillerat-finalistes-al-xx-concurs-de-traduccio-de-la-upf\/#breadcrumb\",\"itemListElement\":[{\"@type\":\"ListItem\",\"position\":1,\"name\":\"Portada\",\"item\":\"https:\/\/www.aula-ee.com\/es\/\"},{\"@type\":\"ListItem\",\"position\":2,\"name\":\"Dos alumnas de bachillerato finalistas en el XX Concurso de Traducci\u00f3n de la UPF\"}]},{\"@type\":\"WebSite\",\"@id\":\"https:\/\/www.aula-ee.com\/es\/#website\",\"url\":\"https:\/\/www.aula-ee.com\/es\/\",\"name\":\"Aula Escola Europea\",\"description\":\"\",\"publisher\":{\"@id\":\"https:\/\/www.aula-ee.com\/es\/#organization\"},\"potentialAction\":[{\"@type\":\"SearchAction\",\"target\":{\"@type\":\"EntryPoint\",\"urlTemplate\":\"https:\/\/www.aula-ee.com\/es\/?s={search_term_string}\"},\"query-input\":{\"@type\":\"PropertyValueSpecification\",\"valueRequired\":true,\"valueName\":\"search_term_string\"}}],\"inLanguage\":\"es\"},{\"@type\":\"Organization\",\"@id\":\"https:\/\/www.aula-ee.com\/es\/#organization\",\"name\":\"Aula Escola Europea\",\"url\":\"https:\/\/www.aula-ee.com\/es\/\",\"logo\":{\"@type\":\"ImageObject\",\"inLanguage\":\"es\",\"@id\":\"https:\/\/www.aula-ee.com\/es\/#\/schema\/logo\/image\/\",\"url\":\"https:\/\/www.aula-ee.com\/wp-content\/uploads\/logo-aula-ee.png\",\"contentUrl\":\"https:\/\/www.aula-ee.com\/wp-content\/uploads\/logo-aula-ee.png\",\"width\":588,\"height\":108,\"caption\":\"Aula Escola Europea\"},\"image\":{\"@id\":\"https:\/\/www.aula-ee.com\/es\/#\/schema\/logo\/image\/\"}},{\"@type\":\"Person\",\"@id\":\"https:\/\/www.aula-ee.com\/es\/#\/schema\/person\/c0515b0fb81af36b0b8e08028bcc2495\",\"name\":\"Jacobo Vilella\",\"sameAs\":[\"https:\/\/www.aula-ee.com\/\"],\"url\":\"https:\/\/www.aula-ee.com\/es\/author\/jacobovilella\/\"}]}<\/script>\n<!-- \/ Yoast SEO plugin. -->","yoast_head_json":{"title":"Dos alumnas de bachillerato finalistas en el XX Concurso de Traducci\u00f3n de la UPF - Aula Escola Europea","description":"Laia Folch y Emma Fuente de la promoci\u00f3n Sophie Germain se han clasificado como finalistas en el XX Concurso de Traducci\u00f3n de la UPF concursando en la","robots":{"index":"index","follow":"follow","max-snippet":"max-snippet:-1","max-image-preview":"max-image-preview:large","max-video-preview":"max-video-preview:-1"},"canonical":"https:\/\/www.aula-ee.com\/es\/dues-alumnes-de-batxillerat-finalistes-al-xx-concurs-de-traduccio-de-la-upf\/","og_locale":"es_ES","og_type":"article","og_title":"Dos alumnas de bachillerato finalistas en el XX Concurso de Traducci\u00f3n de la UPF - Aula Escola Europea","og_description":"Laia Folch y Emma Fuente de la promoci\u00f3n Sophie Germain se han clasificado como finalistas en el XX Concurso de Traducci\u00f3n de la UPF concursando en la","og_url":"https:\/\/www.aula-ee.com\/es\/dues-alumnes-de-batxillerat-finalistes-al-xx-concurs-de-traduccio-de-la-upf\/","og_site_name":"Aula Escola Europea","article_published_time":"2020-04-27T13:01:45+00:00","article_modified_time":"2025-07-09T08:55:16+00:00","og_image":[{"width":1280,"height":758,"url":"https:\/\/www.aula-ee.com\/wp-content\/uploads\/xx-concurs-2020-1.png","type":"image\/png"}],"author":"Jacobo Vilella","twitter_card":"summary_large_image","twitter_misc":{"Escrito por":"Jacobo Vilella"},"schema":{"@context":"https:\/\/schema.org","@graph":[{"@type":"Article","@id":"https:\/\/www.aula-ee.com\/es\/dues-alumnes-de-batxillerat-finalistes-al-xx-concurs-de-traduccio-de-la-upf\/#article","isPartOf":{"@id":"https:\/\/www.aula-ee.com\/es\/dues-alumnes-de-batxillerat-finalistes-al-xx-concurs-de-traduccio-de-la-upf\/"},"author":{"name":"Jacobo Vilella","@id":"https:\/\/www.aula-ee.com\/es\/#\/schema\/person\/c0515b0fb81af36b0b8e08028bcc2495"},"headline":"Dos alumnas de bachillerato finalistas en el XX Concurso de Traducci\u00f3n de la UPF","datePublished":"2020-04-27T13:01:45+00:00","dateModified":"2025-07-09T08:55:16+00:00","mainEntityOfPage":{"@id":"https:\/\/www.aula-ee.com\/es\/dues-alumnes-de-batxillerat-finalistes-al-xx-concurs-de-traduccio-de-la-upf\/"},"wordCount":64,"publisher":{"@id":"https:\/\/www.aula-ee.com\/es\/#organization"},"image":{"@id":"https:\/\/www.aula-ee.com\/es\/dues-alumnes-de-batxillerat-finalistes-al-xx-concurs-de-traduccio-de-la-upf\/#primaryimage"},"thumbnailUrl":"https:\/\/www.aula-ee.com\/wp-content\/uploads\/xx-concurs-2020-1.png","articleSection":["Bachillerato"],"inLanguage":"es"},{"@type":"WebPage","@id":"https:\/\/www.aula-ee.com\/es\/dues-alumnes-de-batxillerat-finalistes-al-xx-concurs-de-traduccio-de-la-upf\/","url":"https:\/\/www.aula-ee.com\/es\/dues-alumnes-de-batxillerat-finalistes-al-xx-concurs-de-traduccio-de-la-upf\/","name":"Dos alumnas de bachillerato finalistas en el XX Concurso de Traducci\u00f3n de la UPF - Aula Escola Europea","isPartOf":{"@id":"https:\/\/www.aula-ee.com\/es\/#website"},"primaryImageOfPage":{"@id":"https:\/\/www.aula-ee.com\/es\/dues-alumnes-de-batxillerat-finalistes-al-xx-concurs-de-traduccio-de-la-upf\/#primaryimage"},"image":{"@id":"https:\/\/www.aula-ee.com\/es\/dues-alumnes-de-batxillerat-finalistes-al-xx-concurs-de-traduccio-de-la-upf\/#primaryimage"},"thumbnailUrl":"https:\/\/www.aula-ee.com\/wp-content\/uploads\/xx-concurs-2020-1.png","datePublished":"2020-04-27T13:01:45+00:00","dateModified":"2025-07-09T08:55:16+00:00","description":"Laia Folch y Emma Fuente de la promoci\u00f3n Sophie Germain se han clasificado como finalistas en el XX Concurso de Traducci\u00f3n de la UPF concursando en la","breadcrumb":{"@id":"https:\/\/www.aula-ee.com\/es\/dues-alumnes-de-batxillerat-finalistes-al-xx-concurs-de-traduccio-de-la-upf\/#breadcrumb"},"inLanguage":"es","potentialAction":[{"@type":"ReadAction","target":["https:\/\/www.aula-ee.com\/es\/dues-alumnes-de-batxillerat-finalistes-al-xx-concurs-de-traduccio-de-la-upf\/"]}]},{"@type":"ImageObject","inLanguage":"es","@id":"https:\/\/www.aula-ee.com\/es\/dues-alumnes-de-batxillerat-finalistes-al-xx-concurs-de-traduccio-de-la-upf\/#primaryimage","url":"https:\/\/www.aula-ee.com\/wp-content\/uploads\/xx-concurs-2020-1.png","contentUrl":"https:\/\/www.aula-ee.com\/wp-content\/uploads\/xx-concurs-2020-1.png","width":1280,"height":758},{"@type":"BreadcrumbList","@id":"https:\/\/www.aula-ee.com\/es\/dues-alumnes-de-batxillerat-finalistes-al-xx-concurs-de-traduccio-de-la-upf\/#breadcrumb","itemListElement":[{"@type":"ListItem","position":1,"name":"Portada","item":"https:\/\/www.aula-ee.com\/es\/"},{"@type":"ListItem","position":2,"name":"Dos alumnas de bachillerato finalistas en el XX Concurso de Traducci\u00f3n de la UPF"}]},{"@type":"WebSite","@id":"https:\/\/www.aula-ee.com\/es\/#website","url":"https:\/\/www.aula-ee.com\/es\/","name":"Aula Escola Europea","description":"","publisher":{"@id":"https:\/\/www.aula-ee.com\/es\/#organization"},"potentialAction":[{"@type":"SearchAction","target":{"@type":"EntryPoint","urlTemplate":"https:\/\/www.aula-ee.com\/es\/?s={search_term_string}"},"query-input":{"@type":"PropertyValueSpecification","valueRequired":true,"valueName":"search_term_string"}}],"inLanguage":"es"},{"@type":"Organization","@id":"https:\/\/www.aula-ee.com\/es\/#organization","name":"Aula Escola Europea","url":"https:\/\/www.aula-ee.com\/es\/","logo":{"@type":"ImageObject","inLanguage":"es","@id":"https:\/\/www.aula-ee.com\/es\/#\/schema\/logo\/image\/","url":"https:\/\/www.aula-ee.com\/wp-content\/uploads\/logo-aula-ee.png","contentUrl":"https:\/\/www.aula-ee.com\/wp-content\/uploads\/logo-aula-ee.png","width":588,"height":108,"caption":"Aula Escola Europea"},"image":{"@id":"https:\/\/www.aula-ee.com\/es\/#\/schema\/logo\/image\/"}},{"@type":"Person","@id":"https:\/\/www.aula-ee.com\/es\/#\/schema\/person\/c0515b0fb81af36b0b8e08028bcc2495","name":"Jacobo Vilella","sameAs":["https:\/\/www.aula-ee.com\/"],"url":"https:\/\/www.aula-ee.com\/es\/author\/jacobovilella\/"}]}},"_links":{"self":[{"href":"https:\/\/www.aula-ee.com\/es\/wp-json\/wp\/v2\/posts\/13988","targetHints":{"allow":["GET"]}}],"collection":[{"href":"https:\/\/www.aula-ee.com\/es\/wp-json\/wp\/v2\/posts"}],"about":[{"href":"https:\/\/www.aula-ee.com\/es\/wp-json\/wp\/v2\/types\/post"}],"author":[{"embeddable":true,"href":"https:\/\/www.aula-ee.com\/es\/wp-json\/wp\/v2\/users\/4"}],"replies":[{"embeddable":true,"href":"https:\/\/www.aula-ee.com\/es\/wp-json\/wp\/v2\/comments?post=13988"}],"version-history":[{"count":0,"href":"https:\/\/www.aula-ee.com\/es\/wp-json\/wp\/v2\/posts\/13988\/revisions"}],"wp:featuredmedia":[{"embeddable":true,"href":"https:\/\/www.aula-ee.com\/es\/wp-json\/wp\/v2\/media\/11289"}],"wp:attachment":[{"href":"https:\/\/www.aula-ee.com\/es\/wp-json\/wp\/v2\/media?parent=13988"}],"wp:term":[{"taxonomy":"category","embeddable":true,"href":"https:\/\/www.aula-ee.com\/es\/wp-json\/wp\/v2\/categories?post=13988"},{"taxonomy":"post_tag","embeddable":true,"href":"https:\/\/www.aula-ee.com\/es\/wp-json\/wp\/v2\/tags?post=13988"}],"curies":[{"name":"wp","href":"https:\/\/api.w.org\/{rel}","templated":true}]}}