{"id":14006,"date":"2020-06-22T11:20:23","date_gmt":"2020-06-22T11:20:23","guid":{"rendered":"https:\/\/www.aula-ee.com\/comiat-del-curs\/"},"modified":"2025-07-09T08:55:24","modified_gmt":"2025-07-09T08:55:24","slug":"comiat-del-curs","status":"publish","type":"post","link":"https:\/\/www.aula-ee.com\/es\/comiat-del-curs\/","title":{"rendered":"Despedida del curso"},"content":{"rendered":"<p>Despu\u00e9s de tres meses de trabajo muy intenso, donde la planificaci\u00f3n del temario no ha variado pero el contexto s\u00ed y ha implicado a\u00f1adir al curso la dificultad de la adaptaci\u00f3n, y habiendo ya finalizado las pruebas de nivel final, los alumnos se han ido reencontrando en la escuela en subgrupos, para despedirse del curso, de sus compa\u00f1eros, de los tutores y de las instalaciones hasta el curso pr\u00f3ximo.<\/p>\n<p>A pesar de la necesaria distanciaci\u00f3n y la protecci\u00f3n de las mascarillas ha sido emocionante tanto para profesores como para alumnos. Han podido ver las obras que se han hecho en los edificios en las tres secciones (parvulario, primaria y secundaria\/bachillerato) durante el confinamiento y que podr\u00e1n disfrutar el pr\u00f3ximo curso, y han podido intercambiar recomendaciones de libros, series, y compartir sus experiencias y aprendizajes de un periodo escolar muy diferente.<\/p>\n<p>\u00a1Felicidades y hasta el pr\u00f3ximo curso!<\/p>\n","protected":false},"excerpt":{"rendered":"<p>Despu\u00e9s de tres meses de trabajo muy intenso, donde la planificaci\u00f3n del temario no ha variado pero el contexto s\u00ed y ha implicado a\u00f1adir al curso la dificultad de la &hellip;<\/p>\n","protected":false},"author":4,"featured_media":11412,"comment_status":"closed","ping_status":"closed","sticky":false,"template":"","format":"standard","meta":{"_acf_changed":false,"footnotes":""},"categories":[123,124,125,126],"tags":[],"class_list":["post-14006","post","type-post","status-publish","format-standard","has-post-thumbnail","hentry","category-secundaria-es","category-bachillerato","category-parvulario","category-primaria-es"],"acf":[],"yoast_head":"<!-- This site is optimized with the Yoast SEO plugin v27.2 - https:\/\/yoast.com\/product\/yoast-seo-wordpress\/ -->\n<title>Despedida del curso - Aula Escola Europea<\/title>\n<meta name=\"description\" content=\"Despu\u00e9s de tres meses de trabajo muy intenso, donde la planificaci\u00f3n del temario no ha variado pero el contexto s\u00ed y ha implicado a\u00f1adir al curso la\" \/>\n<meta name=\"robots\" content=\"index, follow, max-snippet:-1, max-image-preview:large, max-video-preview:-1\" \/>\n<link rel=\"canonical\" href=\"https:\/\/www.aula-ee.com\/es\/comiat-del-curs\/\" \/>\n<meta property=\"og:locale\" content=\"es_ES\" \/>\n<meta property=\"og:type\" content=\"article\" \/>\n<meta property=\"og:title\" content=\"Despedida del curso - Aula Escola Europea\" \/>\n<meta property=\"og:description\" content=\"Despu\u00e9s de tres meses de trabajo muy intenso, donde la planificaci\u00f3n del temario no ha variado pero el contexto s\u00ed y ha implicado a\u00f1adir al curso la\" \/>\n<meta property=\"og:url\" content=\"https:\/\/www.aula-ee.com\/es\/comiat-del-curs\/\" \/>\n<meta property=\"og:site_name\" content=\"Aula Escola Europea\" \/>\n<meta property=\"article:published_time\" content=\"2020-06-22T11:20:23+00:00\" \/>\n<meta property=\"article:modified_time\" content=\"2025-07-09T08:55:24+00:00\" \/>\n<meta property=\"og:image\" content=\"https:\/\/www.aula-ee.com\/wp-content\/uploads\/img-20200610-wa0012.jpg\" \/>\n\t<meta property=\"og:image:width\" content=\"1600\" \/>\n\t<meta property=\"og:image:height\" content=\"1200\" \/>\n\t<meta property=\"og:image:type\" content=\"image\/jpeg\" \/>\n<meta name=\"author\" content=\"Jacobo Vilella\" \/>\n<meta name=\"twitter:card\" content=\"summary_large_image\" \/>\n<meta name=\"twitter:label1\" content=\"Escrito por\" \/>\n\t<meta name=\"twitter:data1\" content=\"Jacobo Vilella\" \/>\n\t<meta name=\"twitter:label2\" content=\"Tiempo de lectura\" \/>\n\t<meta name=\"twitter:data2\" content=\"1 minuto\" \/>\n<script type=\"application\/ld+json\" class=\"yoast-schema-graph\">{\"@context\":\"https:\/\/schema.org\",\"@graph\":[{\"@type\":\"Article\",\"@id\":\"https:\/\/www.aula-ee.com\/es\/comiat-del-curs\/#article\",\"isPartOf\":{\"@id\":\"https:\/\/www.aula-ee.com\/es\/comiat-del-curs\/\"},\"author\":{\"name\":\"Jacobo Vilella\",\"@id\":\"https:\/\/www.aula-ee.com\/es\/#\/schema\/person\/c0515b0fb81af36b0b8e08028bcc2495\"},\"headline\":\"Despedida del curso\",\"datePublished\":\"2020-06-22T11:20:23+00:00\",\"dateModified\":\"2025-07-09T08:55:24+00:00\",\"mainEntityOfPage\":{\"@id\":\"https:\/\/www.aula-ee.com\/es\/comiat-del-curs\/\"},\"wordCount\":161,\"publisher\":{\"@id\":\"https:\/\/www.aula-ee.com\/es\/#organization\"},\"image\":{\"@id\":\"https:\/\/www.aula-ee.com\/es\/comiat-del-curs\/#primaryimage\"},\"thumbnailUrl\":\"https:\/\/www.aula-ee.com\/wp-content\/uploads\/img-20200610-wa0012.jpg\",\"articleSection\":[\"Secundaria\",\"Bachillerato\",\"Parvulario\",\"Primaria\"],\"inLanguage\":\"es\"},{\"@type\":\"WebPage\",\"@id\":\"https:\/\/www.aula-ee.com\/es\/comiat-del-curs\/\",\"url\":\"https:\/\/www.aula-ee.com\/es\/comiat-del-curs\/\",\"name\":\"Despedida del curso - Aula Escola Europea\",\"isPartOf\":{\"@id\":\"https:\/\/www.aula-ee.com\/es\/#website\"},\"primaryImageOfPage\":{\"@id\":\"https:\/\/www.aula-ee.com\/es\/comiat-del-curs\/#primaryimage\"},\"image\":{\"@id\":\"https:\/\/www.aula-ee.com\/es\/comiat-del-curs\/#primaryimage\"},\"thumbnailUrl\":\"https:\/\/www.aula-ee.com\/wp-content\/uploads\/img-20200610-wa0012.jpg\",\"datePublished\":\"2020-06-22T11:20:23+00:00\",\"dateModified\":\"2025-07-09T08:55:24+00:00\",\"description\":\"Despu\u00e9s de tres meses de trabajo muy intenso, donde la planificaci\u00f3n del temario no ha variado pero el contexto s\u00ed y ha implicado a\u00f1adir al curso la\",\"breadcrumb\":{\"@id\":\"https:\/\/www.aula-ee.com\/es\/comiat-del-curs\/#breadcrumb\"},\"inLanguage\":\"es\",\"potentialAction\":[{\"@type\":\"ReadAction\",\"target\":[\"https:\/\/www.aula-ee.com\/es\/comiat-del-curs\/\"]}]},{\"@type\":\"ImageObject\",\"inLanguage\":\"es\",\"@id\":\"https:\/\/www.aula-ee.com\/es\/comiat-del-curs\/#primaryimage\",\"url\":\"https:\/\/www.aula-ee.com\/wp-content\/uploads\/img-20200610-wa0012.jpg\",\"contentUrl\":\"https:\/\/www.aula-ee.com\/wp-content\/uploads\/img-20200610-wa0012.jpg\",\"width\":1600,\"height\":1200,\"caption\":\"Comiat del curs\"},{\"@type\":\"BreadcrumbList\",\"@id\":\"https:\/\/www.aula-ee.com\/es\/comiat-del-curs\/#breadcrumb\",\"itemListElement\":[{\"@type\":\"ListItem\",\"position\":1,\"name\":\"Portada\",\"item\":\"https:\/\/www.aula-ee.com\/es\/\"},{\"@type\":\"ListItem\",\"position\":2,\"name\":\"Despedida del curso\"}]},{\"@type\":\"WebSite\",\"@id\":\"https:\/\/www.aula-ee.com\/es\/#website\",\"url\":\"https:\/\/www.aula-ee.com\/es\/\",\"name\":\"Aula Escola Europea\",\"description\":\"\",\"publisher\":{\"@id\":\"https:\/\/www.aula-ee.com\/es\/#organization\"},\"potentialAction\":[{\"@type\":\"SearchAction\",\"target\":{\"@type\":\"EntryPoint\",\"urlTemplate\":\"https:\/\/www.aula-ee.com\/es\/?s={search_term_string}\"},\"query-input\":{\"@type\":\"PropertyValueSpecification\",\"valueRequired\":true,\"valueName\":\"search_term_string\"}}],\"inLanguage\":\"es\"},{\"@type\":\"Organization\",\"@id\":\"https:\/\/www.aula-ee.com\/es\/#organization\",\"name\":\"Aula Escola Europea\",\"url\":\"https:\/\/www.aula-ee.com\/es\/\",\"logo\":{\"@type\":\"ImageObject\",\"inLanguage\":\"es\",\"@id\":\"https:\/\/www.aula-ee.com\/es\/#\/schema\/logo\/image\/\",\"url\":\"https:\/\/www.aula-ee.com\/wp-content\/uploads\/logo-aula-ee.png\",\"contentUrl\":\"https:\/\/www.aula-ee.com\/wp-content\/uploads\/logo-aula-ee.png\",\"width\":588,\"height\":108,\"caption\":\"Aula Escola Europea\"},\"image\":{\"@id\":\"https:\/\/www.aula-ee.com\/es\/#\/schema\/logo\/image\/\"}},{\"@type\":\"Person\",\"@id\":\"https:\/\/www.aula-ee.com\/es\/#\/schema\/person\/c0515b0fb81af36b0b8e08028bcc2495\",\"name\":\"Jacobo Vilella\",\"sameAs\":[\"https:\/\/www.aula-ee.com\/\"],\"url\":\"https:\/\/www.aula-ee.com\/es\/author\/jacobovilella\/\"}]}<\/script>\n<!-- \/ Yoast SEO plugin. -->","yoast_head_json":{"title":"Despedida del curso - Aula Escola Europea","description":"Despu\u00e9s de tres meses de trabajo muy intenso, donde la planificaci\u00f3n del temario no ha variado pero el contexto s\u00ed y ha implicado a\u00f1adir al curso la","robots":{"index":"index","follow":"follow","max-snippet":"max-snippet:-1","max-image-preview":"max-image-preview:large","max-video-preview":"max-video-preview:-1"},"canonical":"https:\/\/www.aula-ee.com\/es\/comiat-del-curs\/","og_locale":"es_ES","og_type":"article","og_title":"Despedida del curso - Aula Escola Europea","og_description":"Despu\u00e9s de tres meses de trabajo muy intenso, donde la planificaci\u00f3n del temario no ha variado pero el contexto s\u00ed y ha implicado a\u00f1adir al curso la","og_url":"https:\/\/www.aula-ee.com\/es\/comiat-del-curs\/","og_site_name":"Aula Escola Europea","article_published_time":"2020-06-22T11:20:23+00:00","article_modified_time":"2025-07-09T08:55:24+00:00","og_image":[{"width":1600,"height":1200,"url":"https:\/\/www.aula-ee.com\/wp-content\/uploads\/img-20200610-wa0012.jpg","type":"image\/jpeg"}],"author":"Jacobo Vilella","twitter_card":"summary_large_image","twitter_misc":{"Escrito por":"Jacobo Vilella","Tiempo de lectura":"1 minuto"},"schema":{"@context":"https:\/\/schema.org","@graph":[{"@type":"Article","@id":"https:\/\/www.aula-ee.com\/es\/comiat-del-curs\/#article","isPartOf":{"@id":"https:\/\/www.aula-ee.com\/es\/comiat-del-curs\/"},"author":{"name":"Jacobo Vilella","@id":"https:\/\/www.aula-ee.com\/es\/#\/schema\/person\/c0515b0fb81af36b0b8e08028bcc2495"},"headline":"Despedida del curso","datePublished":"2020-06-22T11:20:23+00:00","dateModified":"2025-07-09T08:55:24+00:00","mainEntityOfPage":{"@id":"https:\/\/www.aula-ee.com\/es\/comiat-del-curs\/"},"wordCount":161,"publisher":{"@id":"https:\/\/www.aula-ee.com\/es\/#organization"},"image":{"@id":"https:\/\/www.aula-ee.com\/es\/comiat-del-curs\/#primaryimage"},"thumbnailUrl":"https:\/\/www.aula-ee.com\/wp-content\/uploads\/img-20200610-wa0012.jpg","articleSection":["Secundaria","Bachillerato","Parvulario","Primaria"],"inLanguage":"es"},{"@type":"WebPage","@id":"https:\/\/www.aula-ee.com\/es\/comiat-del-curs\/","url":"https:\/\/www.aula-ee.com\/es\/comiat-del-curs\/","name":"Despedida del curso - Aula Escola Europea","isPartOf":{"@id":"https:\/\/www.aula-ee.com\/es\/#website"},"primaryImageOfPage":{"@id":"https:\/\/www.aula-ee.com\/es\/comiat-del-curs\/#primaryimage"},"image":{"@id":"https:\/\/www.aula-ee.com\/es\/comiat-del-curs\/#primaryimage"},"thumbnailUrl":"https:\/\/www.aula-ee.com\/wp-content\/uploads\/img-20200610-wa0012.jpg","datePublished":"2020-06-22T11:20:23+00:00","dateModified":"2025-07-09T08:55:24+00:00","description":"Despu\u00e9s de tres meses de trabajo muy intenso, donde la planificaci\u00f3n del temario no ha variado pero el contexto s\u00ed y ha implicado a\u00f1adir al curso la","breadcrumb":{"@id":"https:\/\/www.aula-ee.com\/es\/comiat-del-curs\/#breadcrumb"},"inLanguage":"es","potentialAction":[{"@type":"ReadAction","target":["https:\/\/www.aula-ee.com\/es\/comiat-del-curs\/"]}]},{"@type":"ImageObject","inLanguage":"es","@id":"https:\/\/www.aula-ee.com\/es\/comiat-del-curs\/#primaryimage","url":"https:\/\/www.aula-ee.com\/wp-content\/uploads\/img-20200610-wa0012.jpg","contentUrl":"https:\/\/www.aula-ee.com\/wp-content\/uploads\/img-20200610-wa0012.jpg","width":1600,"height":1200,"caption":"Comiat del curs"},{"@type":"BreadcrumbList","@id":"https:\/\/www.aula-ee.com\/es\/comiat-del-curs\/#breadcrumb","itemListElement":[{"@type":"ListItem","position":1,"name":"Portada","item":"https:\/\/www.aula-ee.com\/es\/"},{"@type":"ListItem","position":2,"name":"Despedida del curso"}]},{"@type":"WebSite","@id":"https:\/\/www.aula-ee.com\/es\/#website","url":"https:\/\/www.aula-ee.com\/es\/","name":"Aula Escola Europea","description":"","publisher":{"@id":"https:\/\/www.aula-ee.com\/es\/#organization"},"potentialAction":[{"@type":"SearchAction","target":{"@type":"EntryPoint","urlTemplate":"https:\/\/www.aula-ee.com\/es\/?s={search_term_string}"},"query-input":{"@type":"PropertyValueSpecification","valueRequired":true,"valueName":"search_term_string"}}],"inLanguage":"es"},{"@type":"Organization","@id":"https:\/\/www.aula-ee.com\/es\/#organization","name":"Aula Escola Europea","url":"https:\/\/www.aula-ee.com\/es\/","logo":{"@type":"ImageObject","inLanguage":"es","@id":"https:\/\/www.aula-ee.com\/es\/#\/schema\/logo\/image\/","url":"https:\/\/www.aula-ee.com\/wp-content\/uploads\/logo-aula-ee.png","contentUrl":"https:\/\/www.aula-ee.com\/wp-content\/uploads\/logo-aula-ee.png","width":588,"height":108,"caption":"Aula Escola Europea"},"image":{"@id":"https:\/\/www.aula-ee.com\/es\/#\/schema\/logo\/image\/"}},{"@type":"Person","@id":"https:\/\/www.aula-ee.com\/es\/#\/schema\/person\/c0515b0fb81af36b0b8e08028bcc2495","name":"Jacobo Vilella","sameAs":["https:\/\/www.aula-ee.com\/"],"url":"https:\/\/www.aula-ee.com\/es\/author\/jacobovilella\/"}]}},"_links":{"self":[{"href":"https:\/\/www.aula-ee.com\/es\/wp-json\/wp\/v2\/posts\/14006","targetHints":{"allow":["GET"]}}],"collection":[{"href":"https:\/\/www.aula-ee.com\/es\/wp-json\/wp\/v2\/posts"}],"about":[{"href":"https:\/\/www.aula-ee.com\/es\/wp-json\/wp\/v2\/types\/post"}],"author":[{"embeddable":true,"href":"https:\/\/www.aula-ee.com\/es\/wp-json\/wp\/v2\/users\/4"}],"replies":[{"embeddable":true,"href":"https:\/\/www.aula-ee.com\/es\/wp-json\/wp\/v2\/comments?post=14006"}],"version-history":[{"count":0,"href":"https:\/\/www.aula-ee.com\/es\/wp-json\/wp\/v2\/posts\/14006\/revisions"}],"wp:featuredmedia":[{"embeddable":true,"href":"https:\/\/www.aula-ee.com\/es\/wp-json\/wp\/v2\/media\/11412"}],"wp:attachment":[{"href":"https:\/\/www.aula-ee.com\/es\/wp-json\/wp\/v2\/media?parent=14006"}],"wp:term":[{"taxonomy":"category","embeddable":true,"href":"https:\/\/www.aula-ee.com\/es\/wp-json\/wp\/v2\/categories?post=14006"},{"taxonomy":"post_tag","embeddable":true,"href":"https:\/\/www.aula-ee.com\/es\/wp-json\/wp\/v2\/tags?post=14006"}],"curies":[{"name":"wp","href":"https:\/\/api.w.org\/{rel}","templated":true}]}}