{"id":15614,"date":"2018-04-16T14:34:00","date_gmt":"2018-04-16T14:34:00","guid":{"rendered":"https:\/\/www.aula-ee.com\/fem-matematiques\/"},"modified":"2018-04-16T14:34:00","modified_gmt":"2018-04-16T14:34:00","slug":"fem-matematiques","status":"publish","type":"post","link":"https:\/\/www.aula-ee.com\/fr\/fem-matematiques\/","title":{"rendered":"Fem matem\u00e0tiques"},"content":{"rendered":"<p>El passat dissabte 11 alumnes d\u2019Aula van estar participant a la segona fase del\u00a0<strong>Fem Matem\u00e0tiques\u00a0<\/strong>i van recollir molts \u00e8xits:<\/p>\n<ul>\n<li>Els guanyadors de la fase grupal del primer cicle de secund\u00e0ria van ser els nostres dos equips.<\/li>\n<li>Categoria individual d\u2019ESO II: Laura Guberna en segona posici\u00f3 i Joan Cintas classificat per a la fase final.<\/li>\n<li>Categoria individual d\u2019ESO I: la Jana Biosca va quedar com a reserva i la Nora Bonafonte es va classificar per a la fase final.<\/li>\n<\/ul>\n<p>Aix\u00ed que el nostre seg\u00fcent objectiu \u00e9s anar a participar a la final que tindr\u00e0 lloc a Lleida el dia 5 de maig!<\/p>\n","protected":false},"excerpt":{"rendered":"<p>El passat dissabte 11 alumnes d\u2019Aula van estar participant a la segona fase del\u00a0Fem Matem\u00e0tiques\u00a0i van recollir molts \u00e8xits: Els guanyadors de la fase grupal del primer cicle de secund\u00e0ria &hellip;<\/p>\n","protected":false},"author":1,"featured_media":8145,"comment_status":"closed","ping_status":"closed","sticky":false,"template":"","format":"standard","meta":{"_acf_changed":false,"footnotes":""},"categories":[144],"tags":[572],"class_list":["post-15614","post","type-post","status-publish","format-standard","has-post-thumbnail","hentry","category-secundaria-fr","tag-matematiques-fr"],"acf":[],"yoast_head":"<!-- This site is optimized with the Yoast SEO plugin v27.2 - https:\/\/yoast.com\/product\/yoast-seo-wordpress\/ -->\n<title>Fem matem\u00e0tiques - Aula Escola Europea<\/title>\n<meta name=\"description\" content=\"El passat dissabte 11 alumnes d\u2019Aula van estar participant a la segona fase del\u00a0Fem Matem\u00e0tiques\u00a0i van recollir molts \u00e8xits: Els guanyadors de la fase\" \/>\n<meta name=\"robots\" content=\"index, follow, max-snippet:-1, max-image-preview:large, max-video-preview:-1\" \/>\n<link rel=\"canonical\" href=\"https:\/\/www.aula-ee.com\/fr\/fem-matematiques\/\" \/>\n<meta property=\"og:locale\" content=\"fr_FR\" \/>\n<meta property=\"og:type\" content=\"article\" \/>\n<meta property=\"og:title\" content=\"Fem matem\u00e0tiques - Aula Escola Europea\" \/>\n<meta property=\"og:description\" content=\"El passat dissabte 11 alumnes d\u2019Aula van estar participant a la segona fase del\u00a0Fem Matem\u00e0tiques\u00a0i van recollir molts \u00e8xits: Els guanyadors de la fase\" \/>\n<meta property=\"og:url\" content=\"https:\/\/www.aula-ee.com\/fr\/fem-matematiques\/\" \/>\n<meta property=\"og:site_name\" content=\"Aula Escola Europea\" \/>\n<meta property=\"article:published_time\" content=\"2018-04-16T14:34:00+00:00\" \/>\n<meta property=\"og:image\" content=\"https:\/\/www.aula-ee.com\/wp-content\/uploads\/img_1916-1.jpg\" \/>\n\t<meta property=\"og:image:width\" content=\"480\" \/>\n\t<meta property=\"og:image:height\" content=\"640\" \/>\n\t<meta property=\"og:image:type\" content=\"image\/jpeg\" \/>\n<meta name=\"author\" content=\"emfasi\" \/>\n<meta name=\"twitter:card\" content=\"summary_large_image\" \/>\n<meta name=\"twitter:label1\" content=\"\u00c9crit par\" \/>\n\t<meta name=\"twitter:data1\" content=\"emfasi\" \/>\n\t<meta name=\"twitter:label2\" content=\"Dur\u00e9e de lecture estim\u00e9e\" \/>\n\t<meta name=\"twitter:data2\" content=\"1 minute\" \/>\n<script type=\"application\/ld+json\" class=\"yoast-schema-graph\">{\"@context\":\"https:\/\/schema.org\",\"@graph\":[{\"@type\":\"Article\",\"@id\":\"https:\/\/www.aula-ee.com\/fr\/fem-matematiques\/#article\",\"isPartOf\":{\"@id\":\"https:\/\/www.aula-ee.com\/fr\/fem-matematiques\/\"},\"author\":{\"name\":\"emfasi\",\"@id\":\"https:\/\/www.aula-ee.com\/fr\/#\/schema\/person\/486d90a2a90d8f19d8cb0d7eea56589f\"},\"headline\":\"Fem matem\u00e0tiques\",\"datePublished\":\"2018-04-16T14:34:00+00:00\",\"mainEntityOfPage\":{\"@id\":\"https:\/\/www.aula-ee.com\/fr\/fem-matematiques\/\"},\"wordCount\":110,\"image\":{\"@id\":\"https:\/\/www.aula-ee.com\/fr\/fem-matematiques\/#primaryimage\"},\"thumbnailUrl\":\"https:\/\/www.aula-ee.com\/wp-content\/uploads\/img_1916-1.jpg\",\"keywords\":[\"matem\u00e0tiques\"],\"articleSection\":[\"Secund\u00e0ria\"],\"inLanguage\":\"fr-FR\"},{\"@type\":\"WebPage\",\"@id\":\"https:\/\/www.aula-ee.com\/fr\/fem-matematiques\/\",\"url\":\"https:\/\/www.aula-ee.com\/fr\/fem-matematiques\/\",\"name\":\"Fem matem\u00e0tiques - Aula Escola Europea\",\"isPartOf\":{\"@id\":\"https:\/\/www.aula-ee.com\/fr\/#website\"},\"primaryImageOfPage\":{\"@id\":\"https:\/\/www.aula-ee.com\/fr\/fem-matematiques\/#primaryimage\"},\"image\":{\"@id\":\"https:\/\/www.aula-ee.com\/fr\/fem-matematiques\/#primaryimage\"},\"thumbnailUrl\":\"https:\/\/www.aula-ee.com\/wp-content\/uploads\/img_1916-1.jpg\",\"datePublished\":\"2018-04-16T14:34:00+00:00\",\"author\":{\"@id\":\"https:\/\/www.aula-ee.com\/fr\/#\/schema\/person\/486d90a2a90d8f19d8cb0d7eea56589f\"},\"description\":\"El passat dissabte 11 alumnes d\u2019Aula van estar participant a la segona fase del\u00a0Fem Matem\u00e0tiques\u00a0i van recollir molts \u00e8xits: Els guanyadors de la fase\",\"breadcrumb\":{\"@id\":\"https:\/\/www.aula-ee.com\/fr\/fem-matematiques\/#breadcrumb\"},\"inLanguage\":\"fr-FR\",\"potentialAction\":[{\"@type\":\"ReadAction\",\"target\":[\"https:\/\/www.aula-ee.com\/fr\/fem-matematiques\/\"]}]},{\"@type\":\"ImageObject\",\"inLanguage\":\"fr-FR\",\"@id\":\"https:\/\/www.aula-ee.com\/fr\/fem-matematiques\/#primaryimage\",\"url\":\"https:\/\/www.aula-ee.com\/wp-content\/uploads\/img_1916-1.jpg\",\"contentUrl\":\"https:\/\/www.aula-ee.com\/wp-content\/uploads\/img_1916-1.jpg\",\"width\":480,\"height\":640,\"caption\":\"Fem matem\u00e0tiques\"},{\"@type\":\"BreadcrumbList\",\"@id\":\"https:\/\/www.aula-ee.com\/fr\/fem-matematiques\/#breadcrumb\",\"itemListElement\":[{\"@type\":\"ListItem\",\"position\":1,\"name\":\"Portada\",\"item\":\"https:\/\/www.aula-ee.com\/fr\/\"},{\"@type\":\"ListItem\",\"position\":2,\"name\":\"Fem matem\u00e0tiques\"}]},{\"@type\":\"WebSite\",\"@id\":\"https:\/\/www.aula-ee.com\/fr\/#website\",\"url\":\"https:\/\/www.aula-ee.com\/fr\/\",\"name\":\"Aula Escola Europea\",\"description\":\"\",\"potentialAction\":[{\"@type\":\"SearchAction\",\"target\":{\"@type\":\"EntryPoint\",\"urlTemplate\":\"https:\/\/www.aula-ee.com\/fr\/?s={search_term_string}\"},\"query-input\":{\"@type\":\"PropertyValueSpecification\",\"valueRequired\":true,\"valueName\":\"search_term_string\"}}],\"inLanguage\":\"fr-FR\"},{\"@type\":\"Person\",\"@id\":\"https:\/\/www.aula-ee.com\/fr\/#\/schema\/person\/486d90a2a90d8f19d8cb0d7eea56589f\",\"name\":\"emfasi\",\"sameAs\":[\"https:\/\/www.aula-ee.com\"],\"url\":\"https:\/\/www.aula-ee.com\/fr\/author\/emfasi\/\"}]}<\/script>\n<!-- \/ Yoast SEO plugin. -->","yoast_head_json":{"title":"Fem matem\u00e0tiques - Aula Escola Europea","description":"El passat dissabte 11 alumnes d\u2019Aula van estar participant a la segona fase del\u00a0Fem Matem\u00e0tiques\u00a0i van recollir molts \u00e8xits: Els guanyadors de la fase","robots":{"index":"index","follow":"follow","max-snippet":"max-snippet:-1","max-image-preview":"max-image-preview:large","max-video-preview":"max-video-preview:-1"},"canonical":"https:\/\/www.aula-ee.com\/fr\/fem-matematiques\/","og_locale":"fr_FR","og_type":"article","og_title":"Fem matem\u00e0tiques - Aula Escola Europea","og_description":"El passat dissabte 11 alumnes d\u2019Aula van estar participant a la segona fase del\u00a0Fem Matem\u00e0tiques\u00a0i van recollir molts \u00e8xits: Els guanyadors de la fase","og_url":"https:\/\/www.aula-ee.com\/fr\/fem-matematiques\/","og_site_name":"Aula Escola Europea","article_published_time":"2018-04-16T14:34:00+00:00","og_image":[{"width":480,"height":640,"url":"https:\/\/www.aula-ee.com\/wp-content\/uploads\/img_1916-1.jpg","type":"image\/jpeg"}],"author":"emfasi","twitter_card":"summary_large_image","twitter_misc":{"\u00c9crit par":"emfasi","Dur\u00e9e de lecture estim\u00e9e":"1 minute"},"schema":{"@context":"https:\/\/schema.org","@graph":[{"@type":"Article","@id":"https:\/\/www.aula-ee.com\/fr\/fem-matematiques\/#article","isPartOf":{"@id":"https:\/\/www.aula-ee.com\/fr\/fem-matematiques\/"},"author":{"name":"emfasi","@id":"https:\/\/www.aula-ee.com\/fr\/#\/schema\/person\/486d90a2a90d8f19d8cb0d7eea56589f"},"headline":"Fem matem\u00e0tiques","datePublished":"2018-04-16T14:34:00+00:00","mainEntityOfPage":{"@id":"https:\/\/www.aula-ee.com\/fr\/fem-matematiques\/"},"wordCount":110,"image":{"@id":"https:\/\/www.aula-ee.com\/fr\/fem-matematiques\/#primaryimage"},"thumbnailUrl":"https:\/\/www.aula-ee.com\/wp-content\/uploads\/img_1916-1.jpg","keywords":["matem\u00e0tiques"],"articleSection":["Secund\u00e0ria"],"inLanguage":"fr-FR"},{"@type":"WebPage","@id":"https:\/\/www.aula-ee.com\/fr\/fem-matematiques\/","url":"https:\/\/www.aula-ee.com\/fr\/fem-matematiques\/","name":"Fem matem\u00e0tiques - Aula Escola Europea","isPartOf":{"@id":"https:\/\/www.aula-ee.com\/fr\/#website"},"primaryImageOfPage":{"@id":"https:\/\/www.aula-ee.com\/fr\/fem-matematiques\/#primaryimage"},"image":{"@id":"https:\/\/www.aula-ee.com\/fr\/fem-matematiques\/#primaryimage"},"thumbnailUrl":"https:\/\/www.aula-ee.com\/wp-content\/uploads\/img_1916-1.jpg","datePublished":"2018-04-16T14:34:00+00:00","author":{"@id":"https:\/\/www.aula-ee.com\/fr\/#\/schema\/person\/486d90a2a90d8f19d8cb0d7eea56589f"},"description":"El passat dissabte 11 alumnes d\u2019Aula van estar participant a la segona fase del\u00a0Fem Matem\u00e0tiques\u00a0i van recollir molts \u00e8xits: Els guanyadors de la fase","breadcrumb":{"@id":"https:\/\/www.aula-ee.com\/fr\/fem-matematiques\/#breadcrumb"},"inLanguage":"fr-FR","potentialAction":[{"@type":"ReadAction","target":["https:\/\/www.aula-ee.com\/fr\/fem-matematiques\/"]}]},{"@type":"ImageObject","inLanguage":"fr-FR","@id":"https:\/\/www.aula-ee.com\/fr\/fem-matematiques\/#primaryimage","url":"https:\/\/www.aula-ee.com\/wp-content\/uploads\/img_1916-1.jpg","contentUrl":"https:\/\/www.aula-ee.com\/wp-content\/uploads\/img_1916-1.jpg","width":480,"height":640,"caption":"Fem matem\u00e0tiques"},{"@type":"BreadcrumbList","@id":"https:\/\/www.aula-ee.com\/fr\/fem-matematiques\/#breadcrumb","itemListElement":[{"@type":"ListItem","position":1,"name":"Portada","item":"https:\/\/www.aula-ee.com\/fr\/"},{"@type":"ListItem","position":2,"name":"Fem matem\u00e0tiques"}]},{"@type":"WebSite","@id":"https:\/\/www.aula-ee.com\/fr\/#website","url":"https:\/\/www.aula-ee.com\/fr\/","name":"Aula Escola Europea","description":"","potentialAction":[{"@type":"SearchAction","target":{"@type":"EntryPoint","urlTemplate":"https:\/\/www.aula-ee.com\/fr\/?s={search_term_string}"},"query-input":{"@type":"PropertyValueSpecification","valueRequired":true,"valueName":"search_term_string"}}],"inLanguage":"fr-FR"},{"@type":"Person","@id":"https:\/\/www.aula-ee.com\/fr\/#\/schema\/person\/486d90a2a90d8f19d8cb0d7eea56589f","name":"emfasi","sameAs":["https:\/\/www.aula-ee.com"],"url":"https:\/\/www.aula-ee.com\/fr\/author\/emfasi\/"}]}},"_links":{"self":[{"href":"https:\/\/www.aula-ee.com\/fr\/wp-json\/wp\/v2\/posts\/15614","targetHints":{"allow":["GET"]}}],"collection":[{"href":"https:\/\/www.aula-ee.com\/fr\/wp-json\/wp\/v2\/posts"}],"about":[{"href":"https:\/\/www.aula-ee.com\/fr\/wp-json\/wp\/v2\/types\/post"}],"author":[{"embeddable":true,"href":"https:\/\/www.aula-ee.com\/fr\/wp-json\/wp\/v2\/users\/1"}],"replies":[{"embeddable":true,"href":"https:\/\/www.aula-ee.com\/fr\/wp-json\/wp\/v2\/comments?post=15614"}],"version-history":[{"count":0,"href":"https:\/\/www.aula-ee.com\/fr\/wp-json\/wp\/v2\/posts\/15614\/revisions"}],"wp:featuredmedia":[{"embeddable":true,"href":"https:\/\/www.aula-ee.com\/fr\/wp-json\/wp\/v2\/media\/8145"}],"wp:attachment":[{"href":"https:\/\/www.aula-ee.com\/fr\/wp-json\/wp\/v2\/media?parent=15614"}],"wp:term":[{"taxonomy":"category","embeddable":true,"href":"https:\/\/www.aula-ee.com\/fr\/wp-json\/wp\/v2\/categories?post=15614"},{"taxonomy":"post_tag","embeddable":true,"href":"https:\/\/www.aula-ee.com\/fr\/wp-json\/wp\/v2\/tags?post=15614"}],"curies":[{"name":"wp","href":"https:\/\/api.w.org\/{rel}","templated":true}]}}