{"id":15645,"date":"2018-05-15T09:04:26","date_gmt":"2018-05-15T09:04:26","guid":{"rendered":"https:\/\/www.aula-ee.com\/olimpiada-informatica-espanyola-oie\/"},"modified":"2018-05-15T09:04:26","modified_gmt":"2018-05-15T09:04:26","slug":"olimpiada-informatica-espanyola-oie","status":"publish","type":"post","link":"https:\/\/www.aula-ee.com\/fr\/olimpiada-informatica-espanyola-oie\/","title":{"rendered":"Olimp\u00edada Inform\u00e0tica Espanyola (OIE)"},"content":{"rendered":"<p>El passat dissabte 12 de maig vam organitzar el primer concurs per classificar-se en l\u2019OIE 2018 (Olimp\u00edada Inform\u00e0tica Espanyola) que la Fundaci\u00f3 Aula organitza amb la Universitat Polit\u00e8cnica de Catalunya.<\/p>\n<p>Van participar gaireb\u00e9 100 alumnes. Durant les 3 hores i mitja de concurs, els alumnes van haver d\u2019intentar resoldre 4 reptes d\u2019alt nivell. El guanyador d\u2019aquest primer concurs va ser\u00a0 <strong>F\u00e9lix Moreno Pe\u00f1arrubia<\/strong> de la Comunitat Valenciana que va aconseguir 321 punts.<\/p>\n<p>El proper divendres 18 de maig, de 15:30 a 19h tindr\u00e0 lloc el segon classificatori. Molta sort a tots els participants. M\u00e9s informaci\u00f3: <a href=\"http:\/\/olimpiada-informatica.org\/\" target=\"_blank\" rel=\"noopener\">olimpiada-informatica.org<\/a><\/p>\n","protected":false},"excerpt":{"rendered":"<p>El passat dissabte 12 de maig vam organitzar el primer concurs per classificar-se en l\u2019OIE 2018 (Olimp\u00edada Inform\u00e0tica Espanyola) que la Fundaci\u00f3 Aula organitza amb la Universitat Polit\u00e8cnica de Catalunya. &hellip;<\/p>\n","protected":false},"author":1,"featured_media":8354,"comment_status":"closed","ping_status":"closed","sticky":false,"template":"","format":"standard","meta":{"_acf_changed":false,"footnotes":""},"categories":[143],"tags":[577],"class_list":["post-15645","post","type-post","status-publish","format-standard","has-post-thumbnail","hentry","category-sobre-lescola-fr","tag-olimpiades-fr"],"acf":[],"yoast_head":"<!-- This site is optimized with the Yoast SEO plugin v27.2 - https:\/\/yoast.com\/product\/yoast-seo-wordpress\/ -->\n<title>Olimp\u00edada Inform\u00e0tica Espanyola (OIE) - Aula Escola Europea<\/title>\n<meta name=\"description\" content=\"El passat dissabte 12 de maig vam organitzar el primer concurs per classificar-se en l\u2019OIE 2018 (Olimp\u00edada Inform\u00e0tica Espanyola) que la Fundaci\u00f3 Aula\" \/>\n<meta name=\"robots\" content=\"index, follow, max-snippet:-1, max-image-preview:large, max-video-preview:-1\" \/>\n<link rel=\"canonical\" href=\"https:\/\/www.aula-ee.com\/fr\/olimpiada-informatica-espanyola-oie\/\" \/>\n<meta property=\"og:locale\" content=\"fr_FR\" \/>\n<meta property=\"og:type\" content=\"article\" \/>\n<meta property=\"og:title\" content=\"Olimp\u00edada Inform\u00e0tica Espanyola (OIE) - Aula Escola Europea\" \/>\n<meta property=\"og:description\" content=\"El passat dissabte 12 de maig vam organitzar el primer concurs per classificar-se en l\u2019OIE 2018 (Olimp\u00edada Inform\u00e0tica Espanyola) que la Fundaci\u00f3 Aula\" \/>\n<meta property=\"og:url\" content=\"https:\/\/www.aula-ee.com\/fr\/olimpiada-informatica-espanyola-oie\/\" \/>\n<meta property=\"og:site_name\" content=\"Aula Escola Europea\" \/>\n<meta property=\"article:published_time\" content=\"2018-05-15T09:04:26+00:00\" \/>\n<meta property=\"og:image\" content=\"https:\/\/www.aula-ee.com\/wp-content\/uploads\/logo_0.png\" \/>\n\t<meta property=\"og:image:width\" content=\"105\" \/>\n\t<meta property=\"og:image:height\" content=\"65\" \/>\n\t<meta property=\"og:image:type\" content=\"image\/png\" \/>\n<meta name=\"author\" content=\"emfasi\" \/>\n<meta name=\"twitter:card\" content=\"summary_large_image\" \/>\n<meta name=\"twitter:label1\" content=\"\u00c9crit par\" \/>\n\t<meta name=\"twitter:data1\" content=\"emfasi\" \/>\n<script type=\"application\/ld+json\" class=\"yoast-schema-graph\">{\"@context\":\"https:\/\/schema.org\",\"@graph\":[{\"@type\":\"Article\",\"@id\":\"https:\/\/www.aula-ee.com\/fr\/olimpiada-informatica-espanyola-oie\/#article\",\"isPartOf\":{\"@id\":\"https:\/\/www.aula-ee.com\/fr\/olimpiada-informatica-espanyola-oie\/\"},\"author\":{\"name\":\"emfasi\",\"@id\":\"https:\/\/www.aula-ee.com\/fr\/#\/schema\/person\/486d90a2a90d8f19d8cb0d7eea56589f\"},\"headline\":\"Olimp\u00edada Inform\u00e0tica Espanyola (OIE)\",\"datePublished\":\"2018-05-15T09:04:26+00:00\",\"mainEntityOfPage\":{\"@id\":\"https:\/\/www.aula-ee.com\/fr\/olimpiada-informatica-espanyola-oie\/\"},\"wordCount\":105,\"image\":{\"@id\":\"https:\/\/www.aula-ee.com\/fr\/olimpiada-informatica-espanyola-oie\/#primaryimage\"},\"thumbnailUrl\":\"https:\/\/www.aula-ee.com\/wp-content\/uploads\/logo_0.png\",\"keywords\":[\"Olimp\u00edades\"],\"articleSection\":[\"Sobre l\u2019escola\"],\"inLanguage\":\"fr-FR\"},{\"@type\":\"WebPage\",\"@id\":\"https:\/\/www.aula-ee.com\/fr\/olimpiada-informatica-espanyola-oie\/\",\"url\":\"https:\/\/www.aula-ee.com\/fr\/olimpiada-informatica-espanyola-oie\/\",\"name\":\"Olimp\u00edada Inform\u00e0tica Espanyola (OIE) - Aula Escola Europea\",\"isPartOf\":{\"@id\":\"https:\/\/www.aula-ee.com\/fr\/#website\"},\"primaryImageOfPage\":{\"@id\":\"https:\/\/www.aula-ee.com\/fr\/olimpiada-informatica-espanyola-oie\/#primaryimage\"},\"image\":{\"@id\":\"https:\/\/www.aula-ee.com\/fr\/olimpiada-informatica-espanyola-oie\/#primaryimage\"},\"thumbnailUrl\":\"https:\/\/www.aula-ee.com\/wp-content\/uploads\/logo_0.png\",\"datePublished\":\"2018-05-15T09:04:26+00:00\",\"author\":{\"@id\":\"https:\/\/www.aula-ee.com\/fr\/#\/schema\/person\/486d90a2a90d8f19d8cb0d7eea56589f\"},\"description\":\"El passat dissabte 12 de maig vam organitzar el primer concurs per classificar-se en l\u2019OIE 2018 (Olimp\u00edada Inform\u00e0tica Espanyola) que la Fundaci\u00f3 Aula\",\"breadcrumb\":{\"@id\":\"https:\/\/www.aula-ee.com\/fr\/olimpiada-informatica-espanyola-oie\/#breadcrumb\"},\"inLanguage\":\"fr-FR\",\"potentialAction\":[{\"@type\":\"ReadAction\",\"target\":[\"https:\/\/www.aula-ee.com\/fr\/olimpiada-informatica-espanyola-oie\/\"]}]},{\"@type\":\"ImageObject\",\"inLanguage\":\"fr-FR\",\"@id\":\"https:\/\/www.aula-ee.com\/fr\/olimpiada-informatica-espanyola-oie\/#primaryimage\",\"url\":\"https:\/\/www.aula-ee.com\/wp-content\/uploads\/logo_0.png\",\"contentUrl\":\"https:\/\/www.aula-ee.com\/wp-content\/uploads\/logo_0.png\",\"width\":105,\"height\":65,\"caption\":\"Olimp\u00edada Inform\u00e0tica Espanyola (OIE)\"},{\"@type\":\"BreadcrumbList\",\"@id\":\"https:\/\/www.aula-ee.com\/fr\/olimpiada-informatica-espanyola-oie\/#breadcrumb\",\"itemListElement\":[{\"@type\":\"ListItem\",\"position\":1,\"name\":\"Portada\",\"item\":\"https:\/\/www.aula-ee.com\/fr\/\"},{\"@type\":\"ListItem\",\"position\":2,\"name\":\"Olimp\u00edada Inform\u00e0tica Espanyola (OIE)\"}]},{\"@type\":\"WebSite\",\"@id\":\"https:\/\/www.aula-ee.com\/fr\/#website\",\"url\":\"https:\/\/www.aula-ee.com\/fr\/\",\"name\":\"Aula Escola Europea\",\"description\":\"\",\"potentialAction\":[{\"@type\":\"SearchAction\",\"target\":{\"@type\":\"EntryPoint\",\"urlTemplate\":\"https:\/\/www.aula-ee.com\/fr\/?s={search_term_string}\"},\"query-input\":{\"@type\":\"PropertyValueSpecification\",\"valueRequired\":true,\"valueName\":\"search_term_string\"}}],\"inLanguage\":\"fr-FR\"},{\"@type\":\"Person\",\"@id\":\"https:\/\/www.aula-ee.com\/fr\/#\/schema\/person\/486d90a2a90d8f19d8cb0d7eea56589f\",\"name\":\"emfasi\",\"sameAs\":[\"https:\/\/www.aula-ee.com\"],\"url\":\"https:\/\/www.aula-ee.com\/fr\/author\/emfasi\/\"}]}<\/script>\n<!-- \/ Yoast SEO plugin. -->","yoast_head_json":{"title":"Olimp\u00edada Inform\u00e0tica Espanyola (OIE) - Aula Escola Europea","description":"El passat dissabte 12 de maig vam organitzar el primer concurs per classificar-se en l\u2019OIE 2018 (Olimp\u00edada Inform\u00e0tica Espanyola) que la Fundaci\u00f3 Aula","robots":{"index":"index","follow":"follow","max-snippet":"max-snippet:-1","max-image-preview":"max-image-preview:large","max-video-preview":"max-video-preview:-1"},"canonical":"https:\/\/www.aula-ee.com\/fr\/olimpiada-informatica-espanyola-oie\/","og_locale":"fr_FR","og_type":"article","og_title":"Olimp\u00edada Inform\u00e0tica Espanyola (OIE) - Aula Escola Europea","og_description":"El passat dissabte 12 de maig vam organitzar el primer concurs per classificar-se en l\u2019OIE 2018 (Olimp\u00edada Inform\u00e0tica Espanyola) que la Fundaci\u00f3 Aula","og_url":"https:\/\/www.aula-ee.com\/fr\/olimpiada-informatica-espanyola-oie\/","og_site_name":"Aula Escola Europea","article_published_time":"2018-05-15T09:04:26+00:00","og_image":[{"width":105,"height":65,"url":"https:\/\/www.aula-ee.com\/wp-content\/uploads\/logo_0.png","type":"image\/png"}],"author":"emfasi","twitter_card":"summary_large_image","twitter_misc":{"\u00c9crit par":"emfasi"},"schema":{"@context":"https:\/\/schema.org","@graph":[{"@type":"Article","@id":"https:\/\/www.aula-ee.com\/fr\/olimpiada-informatica-espanyola-oie\/#article","isPartOf":{"@id":"https:\/\/www.aula-ee.com\/fr\/olimpiada-informatica-espanyola-oie\/"},"author":{"name":"emfasi","@id":"https:\/\/www.aula-ee.com\/fr\/#\/schema\/person\/486d90a2a90d8f19d8cb0d7eea56589f"},"headline":"Olimp\u00edada Inform\u00e0tica Espanyola (OIE)","datePublished":"2018-05-15T09:04:26+00:00","mainEntityOfPage":{"@id":"https:\/\/www.aula-ee.com\/fr\/olimpiada-informatica-espanyola-oie\/"},"wordCount":105,"image":{"@id":"https:\/\/www.aula-ee.com\/fr\/olimpiada-informatica-espanyola-oie\/#primaryimage"},"thumbnailUrl":"https:\/\/www.aula-ee.com\/wp-content\/uploads\/logo_0.png","keywords":["Olimp\u00edades"],"articleSection":["Sobre l\u2019escola"],"inLanguage":"fr-FR"},{"@type":"WebPage","@id":"https:\/\/www.aula-ee.com\/fr\/olimpiada-informatica-espanyola-oie\/","url":"https:\/\/www.aula-ee.com\/fr\/olimpiada-informatica-espanyola-oie\/","name":"Olimp\u00edada Inform\u00e0tica Espanyola (OIE) - Aula Escola Europea","isPartOf":{"@id":"https:\/\/www.aula-ee.com\/fr\/#website"},"primaryImageOfPage":{"@id":"https:\/\/www.aula-ee.com\/fr\/olimpiada-informatica-espanyola-oie\/#primaryimage"},"image":{"@id":"https:\/\/www.aula-ee.com\/fr\/olimpiada-informatica-espanyola-oie\/#primaryimage"},"thumbnailUrl":"https:\/\/www.aula-ee.com\/wp-content\/uploads\/logo_0.png","datePublished":"2018-05-15T09:04:26+00:00","author":{"@id":"https:\/\/www.aula-ee.com\/fr\/#\/schema\/person\/486d90a2a90d8f19d8cb0d7eea56589f"},"description":"El passat dissabte 12 de maig vam organitzar el primer concurs per classificar-se en l\u2019OIE 2018 (Olimp\u00edada Inform\u00e0tica Espanyola) que la Fundaci\u00f3 Aula","breadcrumb":{"@id":"https:\/\/www.aula-ee.com\/fr\/olimpiada-informatica-espanyola-oie\/#breadcrumb"},"inLanguage":"fr-FR","potentialAction":[{"@type":"ReadAction","target":["https:\/\/www.aula-ee.com\/fr\/olimpiada-informatica-espanyola-oie\/"]}]},{"@type":"ImageObject","inLanguage":"fr-FR","@id":"https:\/\/www.aula-ee.com\/fr\/olimpiada-informatica-espanyola-oie\/#primaryimage","url":"https:\/\/www.aula-ee.com\/wp-content\/uploads\/logo_0.png","contentUrl":"https:\/\/www.aula-ee.com\/wp-content\/uploads\/logo_0.png","width":105,"height":65,"caption":"Olimp\u00edada Inform\u00e0tica Espanyola (OIE)"},{"@type":"BreadcrumbList","@id":"https:\/\/www.aula-ee.com\/fr\/olimpiada-informatica-espanyola-oie\/#breadcrumb","itemListElement":[{"@type":"ListItem","position":1,"name":"Portada","item":"https:\/\/www.aula-ee.com\/fr\/"},{"@type":"ListItem","position":2,"name":"Olimp\u00edada Inform\u00e0tica Espanyola (OIE)"}]},{"@type":"WebSite","@id":"https:\/\/www.aula-ee.com\/fr\/#website","url":"https:\/\/www.aula-ee.com\/fr\/","name":"Aula Escola Europea","description":"","potentialAction":[{"@type":"SearchAction","target":{"@type":"EntryPoint","urlTemplate":"https:\/\/www.aula-ee.com\/fr\/?s={search_term_string}"},"query-input":{"@type":"PropertyValueSpecification","valueRequired":true,"valueName":"search_term_string"}}],"inLanguage":"fr-FR"},{"@type":"Person","@id":"https:\/\/www.aula-ee.com\/fr\/#\/schema\/person\/486d90a2a90d8f19d8cb0d7eea56589f","name":"emfasi","sameAs":["https:\/\/www.aula-ee.com"],"url":"https:\/\/www.aula-ee.com\/fr\/author\/emfasi\/"}]}},"_links":{"self":[{"href":"https:\/\/www.aula-ee.com\/fr\/wp-json\/wp\/v2\/posts\/15645","targetHints":{"allow":["GET"]}}],"collection":[{"href":"https:\/\/www.aula-ee.com\/fr\/wp-json\/wp\/v2\/posts"}],"about":[{"href":"https:\/\/www.aula-ee.com\/fr\/wp-json\/wp\/v2\/types\/post"}],"author":[{"embeddable":true,"href":"https:\/\/www.aula-ee.com\/fr\/wp-json\/wp\/v2\/users\/1"}],"replies":[{"embeddable":true,"href":"https:\/\/www.aula-ee.com\/fr\/wp-json\/wp\/v2\/comments?post=15645"}],"version-history":[{"count":0,"href":"https:\/\/www.aula-ee.com\/fr\/wp-json\/wp\/v2\/posts\/15645\/revisions"}],"wp:featuredmedia":[{"embeddable":true,"href":"https:\/\/www.aula-ee.com\/fr\/wp-json\/wp\/v2\/media\/8354"}],"wp:attachment":[{"href":"https:\/\/www.aula-ee.com\/fr\/wp-json\/wp\/v2\/media?parent=15645"}],"wp:term":[{"taxonomy":"category","embeddable":true,"href":"https:\/\/www.aula-ee.com\/fr\/wp-json\/wp\/v2\/categories?post=15645"},{"taxonomy":"post_tag","embeddable":true,"href":"https:\/\/www.aula-ee.com\/fr\/wp-json\/wp\/v2\/tags?post=15645"}],"curies":[{"name":"wp","href":"https:\/\/api.w.org\/{rel}","templated":true}]}}