{"id":15797,"date":"2019-03-25T14:07:49","date_gmt":"2019-03-25T14:07:49","guid":{"rendered":"https:\/\/www.aula-ee.com\/campus-basquet-pierre-oriola\/"},"modified":"2019-03-25T14:07:49","modified_gmt":"2019-03-25T14:07:49","slug":"campus-basquet-pierre-oriola","status":"publish","type":"post","link":"https:\/\/www.aula-ee.com\/fr\/campus-basquet-pierre-oriola\/","title":{"rendered":"Campus B\u00e0squet Pierre Oriol\u00e0"},"content":{"rendered":"<p>Vols viure una setmana de b\u00e0squet amb el Pierre Oriol\u00e0? Apunta\u2019t al Campus que es far\u00e0 a Aula <strong>entre l\u20191 i el 5 de juliol .<\/strong><\/p>\n<p>Les <strong>inscripcions<\/strong> estan obertes a: <a href=\"http:\/\/www.pierreoriola.com\/campus\/\">http:\/\/www.pierreoriola.com\/campus\/<\/a><\/p>\n<p><strong>Places limitades<\/strong>!<\/p>\n<p><iframe loading=\"lazy\" title=\"Presentacio\u0301n campus Pierre Oriola\" width=\"640\" height=\"360\" src=\"https:\/\/www.youtube.com\/embed\/wt8jvfu_qzw?feature=oembed\" frameborder=\"0\" allow=\"accelerometer; autoplay; clipboard-write; encrypted-media; gyroscope; picture-in-picture; web-share\" referrerpolicy=\"strict-origin-when-cross-origin\" allowfullscreen><\/iframe><\/p>\n","protected":false},"excerpt":{"rendered":"<p>Vols viure una setmana de b\u00e0squet amb el Pierre Oriol\u00e0? Apunta\u2019t al Campus que es far\u00e0 a Aula entre l\u20191 i el 5 de juliol . Les inscripcions estan obertes &hellip;<\/p>\n","protected":false},"author":1,"featured_media":9128,"comment_status":"closed","ping_status":"closed","sticky":false,"template":"","format":"standard","meta":{"_acf_changed":false,"footnotes":""},"categories":[143,148],"tags":[673,582],"class_list":["post-15797","post","type-post","status-publish","format-standard","has-post-thumbnail","hentry","category-sobre-lescola-fr","category-esport-fr","tag-campus-pierre-oriola-fr","tag-basquet-fr"],"acf":[],"yoast_head":"<!-- This site is optimized with the Yoast SEO plugin v27.2 - https:\/\/yoast.com\/product\/yoast-seo-wordpress\/ -->\n<title>Campus B\u00e0squet Pierre Oriol\u00e0 - Aula Escola Europea<\/title>\n<meta name=\"description\" content=\"Vols viure una setmana de b\u00e0squet amb el Pierre Oriol\u00e0? Apunta\u2019t al Campus que es far\u00e0 a Aula entre l\u20191 i el 5 de juliol . Les inscripcions estan obertes\" \/>\n<meta name=\"robots\" content=\"index, follow, max-snippet:-1, max-image-preview:large, max-video-preview:-1\" \/>\n<link rel=\"canonical\" href=\"https:\/\/www.aula-ee.com\/fr\/campus-basquet-pierre-oriola\/\" \/>\n<meta property=\"og:locale\" content=\"fr_FR\" \/>\n<meta property=\"og:type\" content=\"article\" \/>\n<meta property=\"og:title\" content=\"Campus B\u00e0squet Pierre Oriol\u00e0 - Aula Escola Europea\" \/>\n<meta property=\"og:description\" content=\"Vols viure una setmana de b\u00e0squet amb el Pierre Oriol\u00e0? Apunta\u2019t al Campus que es far\u00e0 a Aula entre l\u20191 i el 5 de juliol . Les inscripcions estan obertes\" \/>\n<meta property=\"og:url\" content=\"https:\/\/www.aula-ee.com\/fr\/campus-basquet-pierre-oriola\/\" \/>\n<meta property=\"og:site_name\" content=\"Aula Escola Europea\" \/>\n<meta property=\"article:published_time\" content=\"2019-03-25T14:07:49+00:00\" \/>\n<meta property=\"og:image\" content=\"https:\/\/www.aula-ee.com\/wp-content\/uploads\/pierre_oriola.jpg\" \/>\n\t<meta property=\"og:image:width\" content=\"410\" \/>\n\t<meta property=\"og:image:height\" content=\"312\" \/>\n\t<meta property=\"og:image:type\" content=\"image\/jpeg\" \/>\n<meta name=\"author\" content=\"emfasi\" \/>\n<meta name=\"twitter:card\" content=\"summary_large_image\" \/>\n<meta name=\"twitter:label1\" content=\"\u00c9crit par\" \/>\n\t<meta name=\"twitter:data1\" content=\"emfasi\" \/>\n<script type=\"application\/ld+json\" class=\"yoast-schema-graph\">{\"@context\":\"https:\/\/schema.org\",\"@graph\":[{\"@type\":\"Article\",\"@id\":\"https:\/\/www.aula-ee.com\/fr\/campus-basquet-pierre-oriola\/#article\",\"isPartOf\":{\"@id\":\"https:\/\/www.aula-ee.com\/fr\/campus-basquet-pierre-oriola\/\"},\"author\":{\"name\":\"emfasi\",\"@id\":\"https:\/\/www.aula-ee.com\/fr\/#\/schema\/person\/486d90a2a90d8f19d8cb0d7eea56589f\"},\"headline\":\"Campus B\u00e0squet Pierre Oriol\u00e0\",\"datePublished\":\"2019-03-25T14:07:49+00:00\",\"mainEntityOfPage\":{\"@id\":\"https:\/\/www.aula-ee.com\/fr\/campus-basquet-pierre-oriola\/\"},\"wordCount\":51,\"image\":{\"@id\":\"https:\/\/www.aula-ee.com\/fr\/campus-basquet-pierre-oriola\/#primaryimage\"},\"thumbnailUrl\":\"https:\/\/www.aula-ee.com\/wp-content\/uploads\/pierre_oriola.jpg\",\"keywords\":[\"Campus Pierre Oriol\u00e0\",\"B\u00e0squet\"],\"articleSection\":[\"Sobre l\u2019escola\",\"Esport\"],\"inLanguage\":\"fr-FR\"},{\"@type\":\"WebPage\",\"@id\":\"https:\/\/www.aula-ee.com\/fr\/campus-basquet-pierre-oriola\/\",\"url\":\"https:\/\/www.aula-ee.com\/fr\/campus-basquet-pierre-oriola\/\",\"name\":\"Campus B\u00e0squet Pierre Oriol\u00e0 - Aula Escola Europea\",\"isPartOf\":{\"@id\":\"https:\/\/www.aula-ee.com\/fr\/#website\"},\"primaryImageOfPage\":{\"@id\":\"https:\/\/www.aula-ee.com\/fr\/campus-basquet-pierre-oriola\/#primaryimage\"},\"image\":{\"@id\":\"https:\/\/www.aula-ee.com\/fr\/campus-basquet-pierre-oriola\/#primaryimage\"},\"thumbnailUrl\":\"https:\/\/www.aula-ee.com\/wp-content\/uploads\/pierre_oriola.jpg\",\"datePublished\":\"2019-03-25T14:07:49+00:00\",\"author\":{\"@id\":\"https:\/\/www.aula-ee.com\/fr\/#\/schema\/person\/486d90a2a90d8f19d8cb0d7eea56589f\"},\"description\":\"Vols viure una setmana de b\u00e0squet amb el Pierre Oriol\u00e0? Apunta\u2019t al Campus que es far\u00e0 a Aula entre l\u20191 i el 5 de juliol . Les inscripcions estan obertes\",\"breadcrumb\":{\"@id\":\"https:\/\/www.aula-ee.com\/fr\/campus-basquet-pierre-oriola\/#breadcrumb\"},\"inLanguage\":\"fr-FR\",\"potentialAction\":[{\"@type\":\"ReadAction\",\"target\":[\"https:\/\/www.aula-ee.com\/fr\/campus-basquet-pierre-oriola\/\"]}]},{\"@type\":\"ImageObject\",\"inLanguage\":\"fr-FR\",\"@id\":\"https:\/\/www.aula-ee.com\/fr\/campus-basquet-pierre-oriola\/#primaryimage\",\"url\":\"https:\/\/www.aula-ee.com\/wp-content\/uploads\/pierre_oriola.jpg\",\"contentUrl\":\"https:\/\/www.aula-ee.com\/wp-content\/uploads\/pierre_oriola.jpg\",\"width\":410,\"height\":312,\"caption\":\"Campus B\u00e0squet Pierre Oriol\u00e0\"},{\"@type\":\"BreadcrumbList\",\"@id\":\"https:\/\/www.aula-ee.com\/fr\/campus-basquet-pierre-oriola\/#breadcrumb\",\"itemListElement\":[{\"@type\":\"ListItem\",\"position\":1,\"name\":\"Portada\",\"item\":\"https:\/\/www.aula-ee.com\/fr\/\"},{\"@type\":\"ListItem\",\"position\":2,\"name\":\"Campus B\u00e0squet Pierre Oriol\u00e0\"}]},{\"@type\":\"WebSite\",\"@id\":\"https:\/\/www.aula-ee.com\/fr\/#website\",\"url\":\"https:\/\/www.aula-ee.com\/fr\/\",\"name\":\"Aula Escola Europea\",\"description\":\"\",\"potentialAction\":[{\"@type\":\"SearchAction\",\"target\":{\"@type\":\"EntryPoint\",\"urlTemplate\":\"https:\/\/www.aula-ee.com\/fr\/?s={search_term_string}\"},\"query-input\":{\"@type\":\"PropertyValueSpecification\",\"valueRequired\":true,\"valueName\":\"search_term_string\"}}],\"inLanguage\":\"fr-FR\"},{\"@type\":\"Person\",\"@id\":\"https:\/\/www.aula-ee.com\/fr\/#\/schema\/person\/486d90a2a90d8f19d8cb0d7eea56589f\",\"name\":\"emfasi\",\"sameAs\":[\"https:\/\/www.aula-ee.com\"],\"url\":\"https:\/\/www.aula-ee.com\/fr\/author\/emfasi\/\"}]}<\/script>\n<!-- \/ Yoast SEO plugin. -->","yoast_head_json":{"title":"Campus B\u00e0squet Pierre Oriol\u00e0 - Aula Escola Europea","description":"Vols viure una setmana de b\u00e0squet amb el Pierre Oriol\u00e0? Apunta\u2019t al Campus que es far\u00e0 a Aula entre l\u20191 i el 5 de juliol . Les inscripcions estan obertes","robots":{"index":"index","follow":"follow","max-snippet":"max-snippet:-1","max-image-preview":"max-image-preview:large","max-video-preview":"max-video-preview:-1"},"canonical":"https:\/\/www.aula-ee.com\/fr\/campus-basquet-pierre-oriola\/","og_locale":"fr_FR","og_type":"article","og_title":"Campus B\u00e0squet Pierre Oriol\u00e0 - Aula Escola Europea","og_description":"Vols viure una setmana de b\u00e0squet amb el Pierre Oriol\u00e0? Apunta\u2019t al Campus que es far\u00e0 a Aula entre l\u20191 i el 5 de juliol . Les inscripcions estan obertes","og_url":"https:\/\/www.aula-ee.com\/fr\/campus-basquet-pierre-oriola\/","og_site_name":"Aula Escola Europea","article_published_time":"2019-03-25T14:07:49+00:00","og_image":[{"width":410,"height":312,"url":"https:\/\/www.aula-ee.com\/wp-content\/uploads\/pierre_oriola.jpg","type":"image\/jpeg"}],"author":"emfasi","twitter_card":"summary_large_image","twitter_misc":{"\u00c9crit par":"emfasi"},"schema":{"@context":"https:\/\/schema.org","@graph":[{"@type":"Article","@id":"https:\/\/www.aula-ee.com\/fr\/campus-basquet-pierre-oriola\/#article","isPartOf":{"@id":"https:\/\/www.aula-ee.com\/fr\/campus-basquet-pierre-oriola\/"},"author":{"name":"emfasi","@id":"https:\/\/www.aula-ee.com\/fr\/#\/schema\/person\/486d90a2a90d8f19d8cb0d7eea56589f"},"headline":"Campus B\u00e0squet Pierre Oriol\u00e0","datePublished":"2019-03-25T14:07:49+00:00","mainEntityOfPage":{"@id":"https:\/\/www.aula-ee.com\/fr\/campus-basquet-pierre-oriola\/"},"wordCount":51,"image":{"@id":"https:\/\/www.aula-ee.com\/fr\/campus-basquet-pierre-oriola\/#primaryimage"},"thumbnailUrl":"https:\/\/www.aula-ee.com\/wp-content\/uploads\/pierre_oriola.jpg","keywords":["Campus Pierre Oriol\u00e0","B\u00e0squet"],"articleSection":["Sobre l\u2019escola","Esport"],"inLanguage":"fr-FR"},{"@type":"WebPage","@id":"https:\/\/www.aula-ee.com\/fr\/campus-basquet-pierre-oriola\/","url":"https:\/\/www.aula-ee.com\/fr\/campus-basquet-pierre-oriola\/","name":"Campus B\u00e0squet Pierre Oriol\u00e0 - Aula Escola Europea","isPartOf":{"@id":"https:\/\/www.aula-ee.com\/fr\/#website"},"primaryImageOfPage":{"@id":"https:\/\/www.aula-ee.com\/fr\/campus-basquet-pierre-oriola\/#primaryimage"},"image":{"@id":"https:\/\/www.aula-ee.com\/fr\/campus-basquet-pierre-oriola\/#primaryimage"},"thumbnailUrl":"https:\/\/www.aula-ee.com\/wp-content\/uploads\/pierre_oriola.jpg","datePublished":"2019-03-25T14:07:49+00:00","author":{"@id":"https:\/\/www.aula-ee.com\/fr\/#\/schema\/person\/486d90a2a90d8f19d8cb0d7eea56589f"},"description":"Vols viure una setmana de b\u00e0squet amb el Pierre Oriol\u00e0? Apunta\u2019t al Campus que es far\u00e0 a Aula entre l\u20191 i el 5 de juliol . Les inscripcions estan obertes","breadcrumb":{"@id":"https:\/\/www.aula-ee.com\/fr\/campus-basquet-pierre-oriola\/#breadcrumb"},"inLanguage":"fr-FR","potentialAction":[{"@type":"ReadAction","target":["https:\/\/www.aula-ee.com\/fr\/campus-basquet-pierre-oriola\/"]}]},{"@type":"ImageObject","inLanguage":"fr-FR","@id":"https:\/\/www.aula-ee.com\/fr\/campus-basquet-pierre-oriola\/#primaryimage","url":"https:\/\/www.aula-ee.com\/wp-content\/uploads\/pierre_oriola.jpg","contentUrl":"https:\/\/www.aula-ee.com\/wp-content\/uploads\/pierre_oriola.jpg","width":410,"height":312,"caption":"Campus B\u00e0squet Pierre Oriol\u00e0"},{"@type":"BreadcrumbList","@id":"https:\/\/www.aula-ee.com\/fr\/campus-basquet-pierre-oriola\/#breadcrumb","itemListElement":[{"@type":"ListItem","position":1,"name":"Portada","item":"https:\/\/www.aula-ee.com\/fr\/"},{"@type":"ListItem","position":2,"name":"Campus B\u00e0squet Pierre Oriol\u00e0"}]},{"@type":"WebSite","@id":"https:\/\/www.aula-ee.com\/fr\/#website","url":"https:\/\/www.aula-ee.com\/fr\/","name":"Aula Escola Europea","description":"","potentialAction":[{"@type":"SearchAction","target":{"@type":"EntryPoint","urlTemplate":"https:\/\/www.aula-ee.com\/fr\/?s={search_term_string}"},"query-input":{"@type":"PropertyValueSpecification","valueRequired":true,"valueName":"search_term_string"}}],"inLanguage":"fr-FR"},{"@type":"Person","@id":"https:\/\/www.aula-ee.com\/fr\/#\/schema\/person\/486d90a2a90d8f19d8cb0d7eea56589f","name":"emfasi","sameAs":["https:\/\/www.aula-ee.com"],"url":"https:\/\/www.aula-ee.com\/fr\/author\/emfasi\/"}]}},"_links":{"self":[{"href":"https:\/\/www.aula-ee.com\/fr\/wp-json\/wp\/v2\/posts\/15797","targetHints":{"allow":["GET"]}}],"collection":[{"href":"https:\/\/www.aula-ee.com\/fr\/wp-json\/wp\/v2\/posts"}],"about":[{"href":"https:\/\/www.aula-ee.com\/fr\/wp-json\/wp\/v2\/types\/post"}],"author":[{"embeddable":true,"href":"https:\/\/www.aula-ee.com\/fr\/wp-json\/wp\/v2\/users\/1"}],"replies":[{"embeddable":true,"href":"https:\/\/www.aula-ee.com\/fr\/wp-json\/wp\/v2\/comments?post=15797"}],"version-history":[{"count":0,"href":"https:\/\/www.aula-ee.com\/fr\/wp-json\/wp\/v2\/posts\/15797\/revisions"}],"wp:featuredmedia":[{"embeddable":true,"href":"https:\/\/www.aula-ee.com\/fr\/wp-json\/wp\/v2\/media\/9128"}],"wp:attachment":[{"href":"https:\/\/www.aula-ee.com\/fr\/wp-json\/wp\/v2\/media?parent=15797"}],"wp:term":[{"taxonomy":"category","embeddable":true,"href":"https:\/\/www.aula-ee.com\/fr\/wp-json\/wp\/v2\/categories?post=15797"},{"taxonomy":"post_tag","embeddable":true,"href":"https:\/\/www.aula-ee.com\/fr\/wp-json\/wp\/v2\/tags?post=15797"}],"curies":[{"name":"wp","href":"https:\/\/api.w.org\/{rel}","templated":true}]}}